{"id":57349,"date":"2015-04-15T10:48:34","date_gmt":"2015-04-15T13:48:34","guid":{"rendered":"http:\/\/aconteceunovale.com.br\/portal\/?p=57349"},"modified":"2015-04-15T10:48:34","modified_gmt":"2015-04-15T13:48:34","slug":"coleta-de-dados-para-o-censo-escolar-da-educacao-basica-comeca-no-dia-27-de-maio","status":"publish","type":"post","link":"https:\/\/aconteceunovale.com.br\/portal\/?p=57349","title":{"rendered":"Coleta de dados para o \u2018Censo Escolar da Educa\u00e7\u00e3o B\u00e1sica\u2019 come\u00e7a no dia 27 de maio"},"content":{"rendered":"<h4><strong><em>Data serve como base para que escolas p\u00fablicas e privadas de todo o pa\u00eds forne\u00e7am informa\u00e7\u00f5es sobre os alunos, os professores e as turmas<\/em><\/strong><\/h4>\n<p>A primeira fase da coleta de dados para o \u2018Censo Escolar da Educa\u00e7\u00e3o B\u00e1sica\u2019 de 2015 ter\u00e1 in\u00edcio no dia 27 de maio. A data ser\u00e1 a refer\u00eancia para que as escolas forne\u00e7am informa\u00e7\u00f5es detalhadas sobre os alunos, os professores e as turmas de todas as etapas e modalidades da educa\u00e7\u00e3o b\u00e1sica que ofertam.<\/p>\n<p>Os dados dever\u00e3o ser apresentados por todas as escolas p\u00fablicas e privadas do pa\u00eds ao Instituto Nacional de Estudos e Pesquisas Educacionais (Inep). De acordo com o Minist\u00e9rio da Educa\u00e7\u00e3o, o preenchimento dessas informa\u00e7\u00f5es dever\u00e1 ser feito pelos diretores e respons\u00e1veis pelas institui\u00e7\u00f5es de ensino no sistema Educacenso at\u00e9 o dia 31 de julho.<\/p>\n<p>Para as escolas da rede estadual de ensino de Minas Gerais o procedimento \u00e9 diferente. De acordo com a superintendente de Informa\u00e7\u00f5es Educacionais da Secretaria de Estado de Educa\u00e7\u00e3o, V\u00e2nia Cristina Liberato, as escolas dever\u00e3o apresentar essas informa\u00e7\u00f5es no Sistema Mineiro de Administra\u00e7\u00e3o Escolar (Simade).<\/p>\n<p>\u201cComo temos o Simade, as escolas registram suas informa\u00e7\u00f5es nesse sistema e, a migra\u00e7\u00e3o dos dados para o Educacenso \u00e9 feita pela pr\u00f3pria Secretaria de Educa\u00e7\u00e3o\u201d, explica a superintendente..<\/p>\n<p>O Censo Escolar \u00e9 realizado anualmente e tem como refer\u00eancia a \u00faltima quarta-feira do m\u00eas de maio que, em 2015, ser\u00e1 no dia 27. Com o registro das informa\u00e7\u00f5es escolares no Educacenso, sistema do Censo Escolar, \u00e9 poss\u00edvel que a gest\u00e3o p\u00fablica realize o levantamento estat\u00edstico-educacional sobre as unidades de ensino p\u00fablicas e particulares do pa\u00eds, professores, alunos e turmas.<\/p>\n<p>Os dados cont\u00eam informa\u00e7\u00f5es detalhadas, que colaboram para subsidiar a defini\u00e7\u00e3o de pol\u00edticas p\u00fablicas educacionais do pa\u00eds, bem como a distribui\u00e7\u00e3o de recursos da Uni\u00e3o para estados e munic\u00edpios.<\/p>\n<p>As informa\u00e7\u00f5es apresentadas no Censo tamb\u00e9m s\u00e3o usadas para o c\u00e1lculo do \u00cdndice de Desenvolvimento da Educa\u00e7\u00e3o B\u00e1sica (Ideb), indicador de refer\u00eancia para as metas do Plano de Desenvolvimento da Educa\u00e7\u00e3o. (Ag\u00eancia Minas)<\/p>\n","protected":false},"excerpt":{"rendered":"<p>Data serve como base para que escolas p\u00fablicas e privadas de todo o pa\u00eds forne\u00e7am informa\u00e7\u00f5es sobre os alunos, os professores e as turmas A primeira fase da coleta de dados para o \u2018Censo Escolar da Educa\u00e7\u00e3o B\u00e1sica\u2019 de 2015 ter\u00e1 in\u00edcio no dia 27 de maio. A data ser\u00e1 a refer\u00eancia para que as [&hellip;]<\/p>\n","protected":false},"author":1,"featured_media":52234,"comment_status":"open","ping_status":"closed","sticky":false,"template":"","format":"standard","meta":{"amp_status":"","footnotes":""},"categories":[40238],"tags":[41817,41819,41818,41823,1300,41822,41820,41821,37573,41825,41824,41826,41827],"class_list":["post-57349","post","type-post","status-publish","format-standard","has-post-thumbnail","hentry","category-educacao-2","tag-censo-escolar-da-educacao-basica","tag-coleta-de-dados-para-o-censo-escolar-da-educacao-basica","tag-coleta-de-dados-para-o-censo-escolar-da-educacao-basica-comeca-no-dia-27-de-maio","tag-educacenso","tag-ideb","tag-indice-de-desenvolvimento-da-educacao-basica","tag-pde","tag-plano-de-desenvolvimento-da-educacao","tag-secretaria-de-estado-de-educacao","tag-simade","tag-sistema-do-censo-escolar","tag-sistema-mineiro-de-administracao-escolar","tag-vania-cristina-liberato"],"_links":{"self":[{"href":"https:\/\/aconteceunovale.com.br\/portal\/index.php?rest_route=\/wp\/v2\/posts\/57349","targetHints":{"allow":["GET"]}}],"collection":[{"href":"https:\/\/aconteceunovale.com.br\/portal\/index.php?rest_route=\/wp\/v2\/posts"}],"about":[{"href":"https:\/\/aconteceunovale.com.br\/portal\/index.php?rest_route=\/wp\/v2\/types\/post"}],"author":[{"embeddable":true,"href":"https:\/\/aconteceunovale.com.br\/portal\/index.php?rest_route=\/wp\/v2\/users\/1"}],"replies":[{"embeddable":true,"href":"https:\/\/aconteceunovale.com.br\/portal\/index.php?rest_route=%2Fwp%2Fv2%2Fcomments&post=57349"}],"version-history":[{"count":0,"href":"https:\/\/aconteceunovale.com.br\/portal\/index.php?rest_route=\/wp\/v2\/posts\/57349\/revisions"}],"wp:featuredmedia":[{"embeddable":true,"href":"https:\/\/aconteceunovale.com.br\/portal\/index.php?rest_route=\/wp\/v2\/media\/52234"}],"wp:attachment":[{"href":"https:\/\/aconteceunovale.com.br\/portal\/index.php?rest_route=%2Fwp%2Fv2%2Fmedia&parent=57349"}],"wp:term":[{"taxonomy":"category","embeddable":true,"href":"https:\/\/aconteceunovale.com.br\/portal\/index.php?rest_route=%2Fwp%2Fv2%2Fcategories&post=57349"},{"taxonomy":"post_tag","embeddable":true,"href":"https:\/\/aconteceunovale.com.br\/portal\/index.php?rest_route=%2Fwp%2Fv2%2Ftags&post=57349"}],"curies":[{"name":"wp","href":"https:\/\/api.w.org\/{rel}","templated":true}]}}