{"id":57344,"date":"2015-04-15T10:12:36","date_gmt":"2015-04-15T13:12:36","guid":{"rendered":"http:\/\/aconteceunovale.com.br\/portal\/?p=57344"},"modified":"2015-04-15T10:12:36","modified_gmt":"2015-04-15T13:12:36","slug":"plantao-do-samu-no-norte-de-minas-gerais-14-de-abril-de-2015","status":"publish","type":"post","link":"https:\/\/aconteceunovale.com.br\/portal\/?p=57344","title":{"rendered":"Plant\u00e3o do Samu no Norte de Minas Gerais &#8211; 14 de abril de 2015"},"content":{"rendered":"<h4><strong><em>Ter\u00e7a-feira, 14 de abril de 2015<\/em><\/strong><\/h4>\n<p>As unidades do SAMU realizaram na ter\u00e7a-feira, 14\/04, 46 atendimentos em Montes Claros, sendo 30 casos cl\u00ednicos; 14 ocorr\u00eancias de acidente de tr\u00e2nsito; uma mulher de 18 anos que sofreu agress\u00e3o f\u00edsica no bairro Alto S\u00e3o Jo\u00e3o, e um homem de 40 anos que caiu do cavalo no bairro Jardim Liberdade.<\/p>\n<p>Na madrugada de ter\u00e7a para quarta-feira, por volta das 2h, unidades do SAMU foram acionadas para atendimento a uma jovem de 17 anos que ficou ferido ap\u00f3s colidir de bicicleta contra um carro n de 30 anos, que ficou ferida em um acidente envolvendo duas motocicletas, na Avenida Nossa Senhora de F\u00e1tima, bairro maracan\u00e3. Ele ficou ferido no joelho e cotovelo direitos.  No mesmo hor\u00e1rio, uma mulher de 25 anos colidiu de moto contra um carro na Avenida Deputado Esteves Rodrigues, regi\u00e3o central de Montes Claros, e se feriu no ombro direito, com prov\u00e1vel fratura no local, e apresentava escoria\u00e7\u00f5es nas pernas.<\/p>\n<p>Tr\u00eas pessoas ficaram feridas em um acidente envolvendo duas motocicletas, ocorrido por volta das 18h40, no bairro Santa L\u00facia. Os condutores das motos, de 38 e 41 anos, e um homem de 54 anos, que estava na garupa de um dos ve\u00edculos, sofreram ferimentos leves.<\/p>\n<p>Por volta das 18h20, o SAMU foi acionado para atendimento a uma mulher de 18 anos, que sofreu agress\u00e3o f\u00edsica no bairro Alto S\u00e3o Jo\u00e3o. Ela foi atingida na cabe\u00e7a onde apresentava um corte e se queixava de dor intensa.<\/p>\n<p>Tr\u00eas pessoas ficaram feridas em um acidente envolvendo duas motocicletas, ocorrido por volta das 16h30, na Avenida S\u00e3o Judas, bairro S\u00e3o Judas. Os condutores das motos, de 26 e 47 anos, e um homem de 20 anos, que estava na garupa de um dos ve\u00edculos, sofreram ferimentos leves.<\/p>\n<p>Um homem de 40 anos caiu do cavalo por volta das 5h, no bairro Jardim Liberdade. Os socorristas o encontraram consciente e orientado, se queixando de dor no ombro direito.<\/p>\n<p>Um homem de 40 anos que transitava na Rua Pr\u00edncipe regente, bairro Santa Rita, foi atropelado por um carro, por volta das 13h30. Ele foi encontrado pelos socorristas do SAMU sentado no passeio, consciente e orientado, com edema e dor na perna direita.<\/p>\n<p>\u00c0s 13h15, um homem de 30 anos caiu de moto no bairro Independ\u00eancia; \u00e0s 12h30, um homem de 19 anos colidiu de moto contra um carro no bairro Major Prates; \u00e0s 11h18, uma mulher de 45 anos se feriu no tornozelo em um acidente envolvendo uma moto e um \u00f4nibus, no centro da cidade. Ela era passageira do \u00f4nibus.<\/p>\n<p>Duas pessoas ficaram feridas em um acidente envolvendo uma moto e um carro, ocorrido por volta das 11h, na Ipanema, bairro Edgar Pereira. Os condutores das motos, de 62 e 29 anos, sofreram ferimentos leves.<\/p>\n<p>\u00c0s 10hh15, a unidade do SAMU foi acionada para atendimento a um homem de 27 anos que caiu de moto na Avenida S\u00e3o Judas, bairro S\u00e3o Judas. Ele apresentava prov\u00e1vel fratura no bra\u00e7o esquerdo.<\/p>\n<p>Em todas as ocorr\u00eancias os feridos receberam os primeiros atendimentos no local e foram encaminhados ao hospital para avalia\u00e7\u00e3o.<\/p>\n","protected":false},"excerpt":{"rendered":"<p>Ter\u00e7a-feira, 14 de abril de 2015 As unidades do SAMU realizaram na ter\u00e7a-feira, 14\/04, 46 atendimentos em Montes Claros, sendo 30 casos cl\u00ednicos; 14 ocorr\u00eancias de acidente de tr\u00e2nsito; uma mulher de 18 anos que sofreu agress\u00e3o f\u00edsica no bairro Alto S\u00e3o Jo\u00e3o, e um homem de 40 anos que caiu do cavalo no bairro [&hellip;]<\/p>\n","protected":false},"author":1,"featured_media":56029,"comment_status":"open","ping_status":"closed","sticky":false,"template":"","format":"standard","meta":{"amp_status":"","footnotes":""},"categories":[1236],"tags":[210,24659,24089,18898,18108,41806,21139,4040],"class_list":["post-57344","post","type-post","status-publish","format-standard","has-post-thumbnail","hentry","category-norte_de_minas","tag-montes-claros","tag-plantao-do-samu-de-montes-claros","tag-plantao-do-samu-do-norte-de-minas","tag-plantao-do-samu-macro-norte","tag-plantao-do-samu-no-norte-de-minas-gerais","tag-plantao-do-samu-no-norte-de-minas-gerais-14-de-abril-de-2015","tag-samu-do-norte-de-minas","tag-samu-macro-norte"],"_links":{"self":[{"href":"https:\/\/aconteceunovale.com.br\/portal\/index.php?rest_route=\/wp\/v2\/posts\/57344","targetHints":{"allow":["GET"]}}],"collection":[{"href":"https:\/\/aconteceunovale.com.br\/portal\/index.php?rest_route=\/wp\/v2\/posts"}],"about":[{"href":"https:\/\/aconteceunovale.com.br\/portal\/index.php?rest_route=\/wp\/v2\/types\/post"}],"author":[{"embeddable":true,"href":"https:\/\/aconteceunovale.com.br\/portal\/index.php?rest_route=\/wp\/v2\/users\/1"}],"replies":[{"embeddable":true,"href":"https:\/\/aconteceunovale.com.br\/portal\/index.php?rest_route=%2Fwp%2Fv2%2Fcomments&post=57344"}],"version-history":[{"count":0,"href":"https:\/\/aconteceunovale.com.br\/portal\/index.php?rest_route=\/wp\/v2\/posts\/57344\/revisions"}],"wp:featuredmedia":[{"embeddable":true,"href":"https:\/\/aconteceunovale.com.br\/portal\/index.php?rest_route=\/wp\/v2\/media\/56029"}],"wp:attachment":[{"href":"https:\/\/aconteceunovale.com.br\/portal\/index.php?rest_route=%2Fwp%2Fv2%2Fmedia&parent=57344"}],"wp:term":[{"taxonomy":"category","embeddable":true,"href":"https:\/\/aconteceunovale.com.br\/portal\/index.php?rest_route=%2Fwp%2Fv2%2Fcategories&post=57344"},{"taxonomy":"post_tag","embeddable":true,"href":"https:\/\/aconteceunovale.com.br\/portal\/index.php?rest_route=%2Fwp%2Fv2%2Ftags&post=57344"}],"curies":[{"name":"wp","href":"https:\/\/api.w.org\/{rel}","templated":true}]}}