{"id":57333,"date":"2015-04-14T21:50:27","date_gmt":"2015-04-15T00:50:27","guid":{"rendered":"http:\/\/aconteceunovale.com.br\/portal\/?p=57333"},"modified":"2015-04-14T21:50:27","modified_gmt":"2015-04-15T00:50:27","slug":"ufvjm-participa-das-discussoes-sobre-mudanca-climatica","status":"publish","type":"post","link":"https:\/\/aconteceunovale.com.br\/portal\/?p=57333","title":{"rendered":"UFVJM participa das discuss\u00f5es sobre mudan\u00e7a clim\u00e1tica"},"content":{"rendered":"<h4><strong><em>Mesa-redonda e exposi\u00e7\u00e3o, com participa\u00e7\u00f5es internacionais, abordam assunto de relev\u00e2ncia mundial<\/em><\/strong><\/h4>\n<p>A Universidade Federal dos Vales do Jequitinhonha e Mucuri (UFVJM), em parceria com a Embaixada da Fran\u00e7a no Brasil e apoio da Caravana do Clima, realizar\u00e1 mesa-redonda e exposi\u00e7\u00e3o sobre o tema \u201cMudan\u00e7a Clim\u00e1tica\u201d, nos pr\u00f3ximos dias 16 e 17 de abril.<\/p>\n<p>O objetivo \u00e9 envolver as comunidades Acad\u00eamica e de Diamantina nessa discuss\u00e3o mundial, como um alerta para sensibiliza\u00e7\u00e3o, conscientiza\u00e7\u00e3o e elabora\u00e7\u00e3o de propostas e a\u00e7\u00f5es concretas.<\/p>\n<p>A realiza\u00e7\u00e3o do evento est\u00e1 em sintonia com o trabalho ambiental desenvolvido pela UFVJM nas regi\u00f5es em que est\u00e1 inserida, como as a\u00e7\u00f5es de reciclagem e compostagem do lixo, preserva\u00e7\u00e3o das nascentes e do meio ambiente.<\/p>\n<p><strong>Mesa-redonda<\/strong><\/p>\n<p>O audit\u00f3rio da Reitoria, no Campus JK, receber\u00e1 a mesa-redonda \u201cMudan\u00e7a Clim\u00e1tica\u201d, a partir das 15h30, com a seguinte programa\u00e7\u00e3o:<\/p>\n<p>&#8211; O Plano de Mudan\u00e7a Clim\u00e1tica de Minas Gerais &#8211; Alexandre Florentin, Consultor Ambiental (Fran\u00e7a)<\/p>\n<p>&#8211; Aspectos principais do Plano e participa\u00e7\u00e3o das universidades nas a\u00e7\u00f5es propostas &#8211; Felipe Santos de Miranda Nunes, Gerente de Energia e Mudan\u00e7as Clim\u00e1ticas (Governo de Minas)<\/p>\n<p>&#8211; Emiss\u00e3o de CO2 por m\u00e1quinas que utilizam combust\u00edveis convencionais &#8211; Alan K\u00e8romne (ISAT \/ Universidade de Borgonha &#8211; Fran\u00e7a)<\/p>\n<p>&#8211; Atividades da UFVJM em torno de preserva\u00e7\u00e3o ambiental &#8211; Professor Carlos Victor, Assessor de Meio Ambiente (UFVJM)<\/p>\n<p>&#8211; Licenciamento ambiental e quest\u00f5es relativas \u00e0 \u00e1gua em Minas Gerais &#8211; Eliana Piedade Alves Machado, Superintendente da Supram Jequitinhonha-Diamantina (Governo de Minas)<\/p>\n<p>&#8211; Parques estaduais e o papel das unidades de conserva\u00e7\u00e3o na preserva\u00e7\u00e3o da flora de Minas Gerais &#8211; S\u00edlvio Henrique Cruz Vilhena, Diretor do IEF em Diamantina (Governo de Minas)<\/p>\n<p><strong>Exposi\u00e7\u00e3o<\/strong><\/p>\n<p>A Embaixada da Fran\u00e7a no Brasil traz para Diamantina a exposi\u00e7\u00e3o \u201cRios, Climas e Homens\u201d, com pain\u00e9is sobre o tema \u201cMudan\u00e7a Clim\u00e1tica\u201d, que permitem o envolvimento de crian\u00e7as, escolas, munic\u00edpios, administradores e empres\u00e1rios locais na quest\u00e3o clim\u00e1tica. A exposi\u00e7\u00e3o permanecer\u00e1 aberta \u00e0 visita\u00e7\u00e3o at\u00e9 12 de junho, com agendamento pr\u00e9vio pelo telefone (38) 3532-6002.<\/p>\n<p><strong>Servi\u00e7o:<\/strong> <\/p>\n<p><em>Mesa-redonda \u201cMudan\u00e7a Clim\u00e1tica\u201d<\/em><br \/>\n16 de abril de  2015 &#8211; 15h30 &#8211; Audit\u00f3rio da Reitoria (Campus JK)<\/p>\n<p><em>Abertura da Exposi\u00e7\u00e3o \u201cRios, Climas e Homens\u201d<\/em><br \/>\n17 de abril de 2015 &#8211; 10 horas &#8211; Espa\u00e7o Cultural JK (Campus I)<\/p>\n<p><strong>Organiza\u00e7\u00e3o:<\/strong> Diretoria de Rela\u00e7\u00f5es Internacionais (DRI) e Pr\u00f3-Reitoria de Extens\u00e3o e Cultura (Proexc) da UFVJM, Embaixada da Fran\u00e7a no Brasil e Caravana do Clima<\/p>\n<p><img decoding=\"async\" src=\"http:\/\/aconteceunovale.com.br\/portal\/wp-content\/uploads\/2015\/04\/mesa_redonda_ufvjm_2.jpg\" alt=\"\" \/><\/p>\n","protected":false},"excerpt":{"rendered":"<p>Mesa-redonda e exposi\u00e7\u00e3o, com participa\u00e7\u00f5es internacionais, abordam assunto de relev\u00e2ncia mundial A Universidade Federal dos Vales do Jequitinhonha e Mucuri (UFVJM), em parceria com a Embaixada da Fran\u00e7a no Brasil e apoio da Caravana do Clima, realizar\u00e1 mesa-redonda e exposi\u00e7\u00e3o sobre o tema \u201cMudan\u00e7a Clim\u00e1tica\u201d, nos pr\u00f3ximos dias 16 e 17 de abril. O objetivo [&hellip;]<\/p>\n","protected":false},"author":1,"featured_media":57334,"comment_status":"open","ping_status":"closed","sticky":false,"template":"","format":"standard","meta":{"amp_status":"","footnotes":""},"categories":[125],"tags":[41796,198,41794,41795,41793,250,41792,7129],"class_list":["post-57333","post","type-post","status-publish","format-standard","has-post-thumbnail","hentry","category-noticias","tag-caravana-do-clima","tag-diamantina","tag-discussoes-sobre-mudanca-climatica","tag-embaixada-da-franca-no-brasil","tag-mudanca-climatica","tag-ufvjm","tag-ufvjm-participa-das-discussoes-sobre-mudanca-climatica","tag-universidade-federal-dos-vales-do-jequitinhonha-e-mucuri"],"_links":{"self":[{"href":"https:\/\/aconteceunovale.com.br\/portal\/index.php?rest_route=\/wp\/v2\/posts\/57333","targetHints":{"allow":["GET"]}}],"collection":[{"href":"https:\/\/aconteceunovale.com.br\/portal\/index.php?rest_route=\/wp\/v2\/posts"}],"about":[{"href":"https:\/\/aconteceunovale.com.br\/portal\/index.php?rest_route=\/wp\/v2\/types\/post"}],"author":[{"embeddable":true,"href":"https:\/\/aconteceunovale.com.br\/portal\/index.php?rest_route=\/wp\/v2\/users\/1"}],"replies":[{"embeddable":true,"href":"https:\/\/aconteceunovale.com.br\/portal\/index.php?rest_route=%2Fwp%2Fv2%2Fcomments&post=57333"}],"version-history":[{"count":0,"href":"https:\/\/aconteceunovale.com.br\/portal\/index.php?rest_route=\/wp\/v2\/posts\/57333\/revisions"}],"wp:featuredmedia":[{"embeddable":true,"href":"https:\/\/aconteceunovale.com.br\/portal\/index.php?rest_route=\/wp\/v2\/media\/57334"}],"wp:attachment":[{"href":"https:\/\/aconteceunovale.com.br\/portal\/index.php?rest_route=%2Fwp%2Fv2%2Fmedia&parent=57333"}],"wp:term":[{"taxonomy":"category","embeddable":true,"href":"https:\/\/aconteceunovale.com.br\/portal\/index.php?rest_route=%2Fwp%2Fv2%2Fcategories&post=57333"},{"taxonomy":"post_tag","embeddable":true,"href":"https:\/\/aconteceunovale.com.br\/portal\/index.php?rest_route=%2Fwp%2Fv2%2Ftags&post=57333"}],"curies":[{"name":"wp","href":"https:\/\/api.w.org\/{rel}","templated":true}]}}