{"id":57327,"date":"2015-04-14T20:58:44","date_gmt":"2015-04-14T23:58:44","guid":{"rendered":"http:\/\/aconteceunovale.com.br\/portal\/?p=57327"},"modified":"2015-04-14T20:58:44","modified_gmt":"2015-04-14T23:58:44","slug":"inscricoes-para-o-sisutec-sao-adiadas-mais-uma-vez","status":"publish","type":"post","link":"https:\/\/aconteceunovale.com.br\/portal\/?p=57327","title":{"rendered":"Inscri\u00e7\u00f5es para o Sisutec s\u00e3o adiadas mais uma vez"},"content":{"rendered":"<p>As inscri\u00e7\u00f5es para o Sistema de Sele\u00e7\u00e3o Unificada da Educa\u00e7\u00e3o Profissional e Tecnol\u00f3gica (Sisutec), que faz parte do Programa Nacional de Acesso ao Ensino T\u00e9cnico e Emprego (Pronatec), foram mais uma vez adiadas. De acordo com o Minist\u00e9rio da Educa\u00e7\u00e3o (MEC), inicialmente\u00a0elas seriam no fim de mar\u00e7o, passaram para o come\u00e7o de maio e, agora, ocorrer\u00e3o em junho, entre os dias 22 e 26. Com isso, as turmas ser\u00e3o abertas no segundo semestre, entre 27 de julho e 31 de agosto.<\/p>\n<p>O Sisutec seleciona para o ensino t\u00e9cnico estudantes que conclu\u00edram o nivel m\u00e9dio com base nas notas no Exame Nacional do Ensino M\u00e9dio (Enem). O programa foi criado em 2013, nos moldes do Sistema de Sele\u00e7\u00e3o Unificada (Sisu), que oferece vagas para o ensino superior em institui\u00e7\u00f5es p\u00fablicas. Desde ent\u00e3o, ocorre duas vezes por ano, no primeiro e no segundo semestres. Este ano n\u00e3o haver\u00e1 forma\u00e7\u00e3o de turmas pelo sistema no primeiro semestre.<\/p>\n<p>Segundo o MEC, a altera\u00e7\u00e3o no cronograma se justifica pelos procedimentos decorrentes da aprova\u00e7\u00e3o do Or\u00e7amento federal. &#8220;Tendo em vista o pedido de v\u00e1rias institui\u00e7\u00f5es de ensino, o calend\u00e1rio foi ajustado de maneira a compatibiliz\u00e1-lo com o calend\u00e1rio acad\u00eamico das institui\u00e7\u00f5es&#8221;, diz a pasta. O\u00a0<a href=\"http:\/\/portal.mec.gov.br\/index.php?option=com_docman&amp;task=doc_download&amp;gid=17381&amp;Itemid=\">novo calend\u00e1rio &#8211; (www.portal.mec.gov.br)<\/a>\u00a0foi publicado no\u00a0<em>Di\u00e1rio Oficial da Uni\u00e3o<\/em>.<\/p>\n<p>O resultado preliminar das vagas aprovadas ser\u00e1 divulgado no dia 18 de maio. Recursos administrativos relativos a vagas n\u00e3o aprovadas podem ser apresentados nos dias 19 e 20 de maio. Eles ser\u00e3o avaliados de 21 de maio a 12 de junho. As bolsas ser\u00e3o homologadas de 16 a 17 de junho. O resultado final ser\u00e1 divulgado em 19 de junho.<\/p>\n<p>Os candidatos podem fazer a inscri\u00e7\u00e3o de 22 a 26 de junho. No dia 30, sair\u00e1 o resultado da primeira chamada. Os selecionados devem fazer a matr\u00edcula entre 1\u00ba e 3 de julho. A segunda\u00a0chamada\u00a0ter\u00e1 o resultado publicado em 7 de julho, com matr\u00edcula entre os dias 8 e 10 do mesmo m\u00eas.<\/p>\n<p>As inscri\u00e7\u00f5es\u00a0<em>online<\/em>\u00a0para as vagas remanescentes devem ser feitas de 13 a 26 de julho. As aulas do programa t\u00eam in\u00edcio previsto para o per\u00edodo entre 27 de julho e 31 de agosto. (Ag\u00eancia Brasil)<\/p>\n","protected":false},"excerpt":{"rendered":"<p>As inscri\u00e7\u00f5es para o Sistema de Sele\u00e7\u00e3o Unificada da Educa\u00e7\u00e3o Profissional e Tecnol\u00f3gica (Sisutec), que faz parte do Programa Nacional de Acesso ao Ensino T\u00e9cnico e Emprego (Pronatec), foram mais uma vez adiadas. De acordo com o Minist\u00e9rio da Educa\u00e7\u00e3o (MEC), inicialmente\u00a0elas seriam no fim de mar\u00e7o, passaram para o come\u00e7o de maio e, agora, [&hellip;]<\/p>\n","protected":false},"author":1,"featured_media":57328,"comment_status":"open","ping_status":"closed","sticky":false,"template":"","format":"standard","meta":{"amp_status":"","footnotes":""},"categories":[40238],"tags":[41788,41787,1296,5753],"class_list":["post-57327","post","type-post","status-publish","format-standard","has-post-thumbnail","hentry","category-educacao-2","tag-inscricoes-para-o-sisutec","tag-inscricoes-para-o-sisutec-sao-adiadas-mais-uma-vez","tag-pronatec","tag-sisutec"],"_links":{"self":[{"href":"https:\/\/aconteceunovale.com.br\/portal\/index.php?rest_route=\/wp\/v2\/posts\/57327","targetHints":{"allow":["GET"]}}],"collection":[{"href":"https:\/\/aconteceunovale.com.br\/portal\/index.php?rest_route=\/wp\/v2\/posts"}],"about":[{"href":"https:\/\/aconteceunovale.com.br\/portal\/index.php?rest_route=\/wp\/v2\/types\/post"}],"author":[{"embeddable":true,"href":"https:\/\/aconteceunovale.com.br\/portal\/index.php?rest_route=\/wp\/v2\/users\/1"}],"replies":[{"embeddable":true,"href":"https:\/\/aconteceunovale.com.br\/portal\/index.php?rest_route=%2Fwp%2Fv2%2Fcomments&post=57327"}],"version-history":[{"count":0,"href":"https:\/\/aconteceunovale.com.br\/portal\/index.php?rest_route=\/wp\/v2\/posts\/57327\/revisions"}],"wp:featuredmedia":[{"embeddable":true,"href":"https:\/\/aconteceunovale.com.br\/portal\/index.php?rest_route=\/wp\/v2\/media\/57328"}],"wp:attachment":[{"href":"https:\/\/aconteceunovale.com.br\/portal\/index.php?rest_route=%2Fwp%2Fv2%2Fmedia&parent=57327"}],"wp:term":[{"taxonomy":"category","embeddable":true,"href":"https:\/\/aconteceunovale.com.br\/portal\/index.php?rest_route=%2Fwp%2Fv2%2Fcategories&post=57327"},{"taxonomy":"post_tag","embeddable":true,"href":"https:\/\/aconteceunovale.com.br\/portal\/index.php?rest_route=%2Fwp%2Fv2%2Ftags&post=57327"}],"curies":[{"name":"wp","href":"https:\/\/api.w.org\/{rel}","templated":true}]}}