{"id":57322,"date":"2015-04-14T19:19:06","date_gmt":"2015-04-14T22:19:06","guid":{"rendered":"http:\/\/aconteceunovale.com.br\/portal\/?p=57322"},"modified":"2015-04-14T19:19:06","modified_gmt":"2015-04-14T22:19:06","slug":"dilma-condena-reducao-da-maioridade-penal-e-pede-punicao-de-aliciadores","status":"publish","type":"post","link":"https:\/\/aconteceunovale.com.br\/portal\/?p=57322","title":{"rendered":"Dilma condena redu\u00e7\u00e3o da maioridade penal e pede puni\u00e7\u00e3o de aliciadores"},"content":{"rendered":"<p>A presidente Dilma Rousseff manifestou-se nessa segunda-feira, 13 de abril, pelas redes sociais, contra a redu\u00e7\u00e3o da maioridade penal. A admissibilidade da Proposta de Emenda \u00e0 Constitui\u00e7\u00e3o (PEC) 171\/93, que reduz a maioridade penal de 18 para 16 anos, foi aprovada pela Comiss\u00e3o de Constitui\u00e7\u00e3o e Justi\u00e7a (CCJ) da C\u00e2mara dos Deputados no fim de mar\u00e7o, e uma comiss\u00e3o especial foi instalada para analisar o texto.<\/p>\n<p>\u201cN\u00e3o podemos permitir a redu\u00e7\u00e3o da maioridade penal. Lugar de meninos e meninas \u00e9 na escola. Chega de impunidade para aqueles que aliciam crian\u00e7as e adolescentes para o crime\u201d, escreveu Dilma em seus perfis nas redes sociais Twitter e Facebook.<\/p>\n<p>A presidente disse que a redu\u00e7\u00e3o da maioridade seria \u201cum grande retrocesso\u201d para o pa\u00eds e que n\u00e3o resolveria os problemas de jovens em conflito com a lei. Dilma defende que a puni\u00e7\u00e3o nesses casos obede\u00e7a a medidas j\u00e1 previstas no Estatuto da Crian\u00e7a e do Adolescente (ECA).<\/p>\n<p>\u201cReduzir a maioridade penal n\u00e3o vai resolver o problema da delinqu\u00eancia juvenil. Isso n\u00e3o significa dizer que eu seja favor\u00e1vel \u00e0 impunidade. Menores que tenham cometido algum tipo de delito precisam se submeter a medidas socioeducativas, que, nos casos mais graves, j\u00e1 imp\u00f5em priva\u00e7\u00e3o da liberdade. Para isso, o pa\u00eds tem uma legisla\u00e7\u00e3o avan\u00e7ada: o Estatuto da Crian\u00e7a e do Adolescente, que sempre pode ser aperfei\u00e7oado\u201d, avaliou.<\/p>\n<p>Nos posts, Dilma disse que orientou o ministro da Justi\u00e7a, Jos\u00e9 Eduardo Cardozo, a iniciar uma \u201campla discuss\u00e3o\u201d para aprimoramento do ECA. \u201c\u00c9 uma grande oportunidade para ouvirmos em audi\u00eancias p\u00fablicas as vozes do nosso pa\u00eds durante a realiza\u00e7\u00e3o deste debate\u201d. A presidente tamb\u00e9m defendeu mudan\u00e7as na legisla\u00e7\u00e3o para endurecer a puni\u00e7\u00e3o para adultos que aliciam jovens para o crime organizado. (Ag\u00eancia Brasil)<\/p>\n","protected":false},"excerpt":{"rendered":"<p>A presidente Dilma Rousseff manifestou-se nessa segunda-feira, 13 de abril, pelas redes sociais, contra a redu\u00e7\u00e3o da maioridade penal. A admissibilidade da Proposta de Emenda \u00e0 Constitui\u00e7\u00e3o (PEC) 171\/93, que reduz a maioridade penal de 18 para 16 anos, foi aprovada pela Comiss\u00e3o de Constitui\u00e7\u00e3o e Justi\u00e7a (CCJ) da C\u00e2mara dos Deputados no fim de [&hellip;]<\/p>\n","protected":false},"author":1,"featured_media":57323,"comment_status":"open","ping_status":"closed","sticky":false,"template":"","format":"standard","meta":{"amp_status":"","footnotes":""},"categories":[6],"tags":[7148,41781,41780,41782,2162,26164,40020,35209,40026,19238,40022],"class_list":["post-57322","post","type-post","status-publish","format-standard","has-post-thumbnail","hentry","category-br","tag-dilma","tag-dilma-condena-reducao-da-maioridade-penal","tag-dilma-condena-reducao-da-maioridade-penal-e-pede-punicao-de-aliciadores","tag-dilma-pede-punicao-de-aliciadores-de-menores","tag-dilma-rousseff","tag-jose-eduardo-cardozo","tag-maioridade-penal","tag-ministro-da-justica","tag-pec-17193","tag-presidente-dilma-rousseff","tag-reducao-da-maioridade-penal"],"_links":{"self":[{"href":"https:\/\/aconteceunovale.com.br\/portal\/index.php?rest_route=\/wp\/v2\/posts\/57322","targetHints":{"allow":["GET"]}}],"collection":[{"href":"https:\/\/aconteceunovale.com.br\/portal\/index.php?rest_route=\/wp\/v2\/posts"}],"about":[{"href":"https:\/\/aconteceunovale.com.br\/portal\/index.php?rest_route=\/wp\/v2\/types\/post"}],"author":[{"embeddable":true,"href":"https:\/\/aconteceunovale.com.br\/portal\/index.php?rest_route=\/wp\/v2\/users\/1"}],"replies":[{"embeddable":true,"href":"https:\/\/aconteceunovale.com.br\/portal\/index.php?rest_route=%2Fwp%2Fv2%2Fcomments&post=57322"}],"version-history":[{"count":0,"href":"https:\/\/aconteceunovale.com.br\/portal\/index.php?rest_route=\/wp\/v2\/posts\/57322\/revisions"}],"wp:featuredmedia":[{"embeddable":true,"href":"https:\/\/aconteceunovale.com.br\/portal\/index.php?rest_route=\/wp\/v2\/media\/57323"}],"wp:attachment":[{"href":"https:\/\/aconteceunovale.com.br\/portal\/index.php?rest_route=%2Fwp%2Fv2%2Fmedia&parent=57322"}],"wp:term":[{"taxonomy":"category","embeddable":true,"href":"https:\/\/aconteceunovale.com.br\/portal\/index.php?rest_route=%2Fwp%2Fv2%2Fcategories&post=57322"},{"taxonomy":"post_tag","embeddable":true,"href":"https:\/\/aconteceunovale.com.br\/portal\/index.php?rest_route=%2Fwp%2Fv2%2Ftags&post=57322"}],"curies":[{"name":"wp","href":"https:\/\/api.w.org\/{rel}","templated":true}]}}