{"id":57281,"date":"2015-04-13T20:42:52","date_gmt":"2015-04-13T23:42:52","guid":{"rendered":"http:\/\/aconteceunovale.com.br\/portal\/?p=57281"},"modified":"2015-04-13T20:47:09","modified_gmt":"2015-04-13T23:47:09","slug":"prefeitura-de-valadares-prorroga-prazo-para-pagamento-do-iptu","status":"publish","type":"post","link":"https:\/\/aconteceunovale.com.br\/portal\/?p=57281","title":{"rendered":"Prefeitura de Governador Valadares prorroga prazo para pagamento do IPTU"},"content":{"rendered":"<h4><strong><em>Motivo da altera\u00e7\u00e3o foi o atraso na entrega dos carn\u00eas, diz prefeitura. Prazo foi estendido at\u00e9 o dia 24 de abril.<\/em><\/strong><\/h4>\n<p>O prazo para o pagamento da primeira parcela do IPTU (ou parcela \u00fanica) de Governador Valadares, no Vale do Rio Doce, foi prorrogado at\u00e9 o dia 24 de abril. \u00c9 o que informou uma portaria publicada pela prefeitura na sexta-feira (10). O motivo da altera\u00e7\u00e3o, segundo a Prefeitura, foi o atraso na entrega dos carn\u00eas. A medida visa &#8220;n\u00e3o causar preju\u00edzo a nenhum contribuinte&#8221;, diz uma nota emitida pela prefeitura.<\/p>\n<p>Ainda segundo a nota, quem n\u00e3o pagou a primeira parcela ou o imposto integral ainda pode faz\u00ea-lo, se valendo do desconto de 10% para quem estava quite com os exerc\u00edcios anteriores at\u00e9 a data de 31 de dezembro de 2014, e 5% para quem tiver algum d\u00e9bito anterior a 2015. <\/p>\n<p>O parcelamento pode ser em at\u00e9 nove vezes, obedecendo aos crit\u00e9rios de valor m\u00ednimo por parcela. Tamb\u00e9m fica alterada a data para o dia 24 o prazo para efeito de Reclama\u00e7\u00e3o contra Lan\u00e7amento. O prazo para o Requerimento de Isen\u00e7\u00e3o vai at\u00e9 o dia 30 de dezembro de 2015.<\/p>\n<p><strong>Imposto<\/strong><\/p>\n<p>O IPTU \u00e9 destinado \u00e0 manuten\u00e7\u00e3o e obras na cidade. \u00c9 calculado sobre o valor venal do im\u00f3vel, que consta na planta de valores do munic\u00edpio. Os valores do IPTU tamb\u00e9m podem variar de im\u00f3vel para im\u00f3vel, dentro de um mesmo bairro e at\u00e9 da mesma rua. Esta varia\u00e7\u00e3o ocorre em fun\u00e7\u00e3o de diferentes crit\u00e9rios.<\/p>\n<p>Atualmente, Governador Valadares tem 112.544 im\u00f3veis pagantes do IPTU. A previs\u00e3o de arrecada\u00e7\u00e3o do imposto \u00e9 de cerca de R$ 56 milh\u00f5es, valor que, com o desconto, passa a ser de R$ 48 milh\u00f5es. (G1)<\/p>\n","protected":false},"excerpt":{"rendered":"<p>Motivo da altera\u00e7\u00e3o foi o atraso na entrega dos carn\u00eas, diz prefeitura. Prazo foi estendido at\u00e9 o dia 24 de abril. O prazo para o pagamento da primeira parcela do IPTU (ou parcela \u00fanica) de Governador Valadares, no Vale do Rio Doce, foi prorrogado at\u00e9 o dia 24 de abril. \u00c9 o que informou uma [&hellip;]<\/p>\n","protected":false},"author":1,"featured_media":47642,"comment_status":"open","ping_status":"closed","sticky":false,"template":"","format":"standard","meta":{"amp_status":"","footnotes":""},"categories":[121],"tags":[247,41709,41710,41712,41711],"class_list":["post-57281","post","type-post","status-publish","format-standard","has-post-thumbnail","hentry","category-leste","tag-governador-valadares","tag-iptu","tag-iptu-de-governador-valadares","tag-prefeitura-de-governador-valadares-prorroga-prazo-para-pagamento-do-iptu","tag-prefeitura-de-valadares-prorroga-prazo-para-pagamento-do-iptu"],"_links":{"self":[{"href":"https:\/\/aconteceunovale.com.br\/portal\/index.php?rest_route=\/wp\/v2\/posts\/57281","targetHints":{"allow":["GET"]}}],"collection":[{"href":"https:\/\/aconteceunovale.com.br\/portal\/index.php?rest_route=\/wp\/v2\/posts"}],"about":[{"href":"https:\/\/aconteceunovale.com.br\/portal\/index.php?rest_route=\/wp\/v2\/types\/post"}],"author":[{"embeddable":true,"href":"https:\/\/aconteceunovale.com.br\/portal\/index.php?rest_route=\/wp\/v2\/users\/1"}],"replies":[{"embeddable":true,"href":"https:\/\/aconteceunovale.com.br\/portal\/index.php?rest_route=%2Fwp%2Fv2%2Fcomments&post=57281"}],"version-history":[{"count":0,"href":"https:\/\/aconteceunovale.com.br\/portal\/index.php?rest_route=\/wp\/v2\/posts\/57281\/revisions"}],"wp:featuredmedia":[{"embeddable":true,"href":"https:\/\/aconteceunovale.com.br\/portal\/index.php?rest_route=\/wp\/v2\/media\/47642"}],"wp:attachment":[{"href":"https:\/\/aconteceunovale.com.br\/portal\/index.php?rest_route=%2Fwp%2Fv2%2Fmedia&parent=57281"}],"wp:term":[{"taxonomy":"category","embeddable":true,"href":"https:\/\/aconteceunovale.com.br\/portal\/index.php?rest_route=%2Fwp%2Fv2%2Fcategories&post=57281"},{"taxonomy":"post_tag","embeddable":true,"href":"https:\/\/aconteceunovale.com.br\/portal\/index.php?rest_route=%2Fwp%2Fv2%2Ftags&post=57281"}],"curies":[{"name":"wp","href":"https:\/\/api.w.org\/{rel}","templated":true}]}}