{"id":57274,"date":"2015-04-13T19:27:03","date_gmt":"2015-04-13T22:27:03","guid":{"rendered":"http:\/\/aconteceunovale.com.br\/portal\/?p=57274"},"modified":"2015-04-13T19:32:04","modified_gmt":"2015-04-13T22:32:04","slug":"fotografo-e-agredido-em-minas-gerais-por-se-parecer-com-o-ex-presidente-lula","status":"publish","type":"post","link":"https:\/\/aconteceunovale.com.br\/portal\/?p=57274","title":{"rendered":"Fot\u00f3grafo \u00e9 agredido em Minas Gerais por se parecer com o ex-presidente Lula"},"content":{"rendered":"<h4><strong><em>Beto Novaes foi agredido durante protesto Pra\u00e7a da Liberdade, em Belo Horizonte. Por conta de sua semelhan\u00e7a f\u00edsica com o ex-presidente Lula, Novaes comumente \u00e9 abordado por pessoas que pedem para tirar foto.<\/em><\/strong><\/h4>\n<p>O fot\u00f3grafo Beto Novaes, do jornal Estado de Minas, foi agredido durante as manifesta\u00e7\u00f5es desse domingo (12) contra o governo federal em Belo Horizonte (MG). O motivo seria porque Beto Novaes se parece com o ex-presidente Lula. <\/p>\n<p>Por conta de sua semelhan\u00e7a f\u00edsica com o ex-presidente Luiz In\u00e1cio Lula da Silva, Beto comumente \u00e9 abordado por pessoas que pedem para tirar foto com ele. Durante a manifesta\u00e7\u00e3o deste domingo, uma senhora de Bras\u00edlia pediu para tirar uma foto e, nesse momento, um grupo de cerca de quatro rapazes o cercou.<\/p>\n<p>\u201cEles come\u00e7aram a me empurrar, me deram um chute na coxa e pediram para eu sair.\u201d, relata Beto. Mesmo com o crach\u00e1 do jornal no pesco\u00e7o, os agressores continuaram a insult\u00e1-lo at\u00e9 que o fot\u00f3grafo teve que deixar o local. Me disseram que eu n\u00e3o estava trabalhando, mas que tinha ido \u00e0 manifesta\u00e7\u00e3o fantasiado de Lula&#8221;, conta Beto que, em 30 anos de fotojornalismo afirma nunca ter vivido um epis\u00f3dio como o de hoje.<\/p>\n<p>Em nota, o Sindicato dos Jornalistas Profissionais de Minas Gerais repudiou a agress\u00e3o, afirmou que &#8220;tomar\u00e1 todas as medidas para que [os agressores] sejam identificados e punidos e lembrou que &#8220;democracia, toler\u00e2ncia e respeito s\u00e3o palavras que esses manifestantes que sa\u00edram \u00e0s ruas, pelo visto, n\u00e3o conhecem&#8221;.<\/p>\n<p><img decoding=\"async\" src=\"http:\/\/aconteceunovale.com.br\/portal\/wp-content\/uploads\/2015\/04\/beto_lula.jpg\" alt=\"\" \/><em>Beto Novaes foi agredido porque se parece com o presidente Lula &#8211; Foto: Reprodu\u00e7\u00e3o<\/em><br \/>\n<\/br><\/p>\n<p><strong><em>(Fonte: O Tempo \/ Portal R7)<\/em><\/strong><\/p>\n","protected":false},"excerpt":{"rendered":"<p>Beto Novaes foi agredido durante protesto Pra\u00e7a da Liberdade, em Belo Horizonte. Por conta de sua semelhan\u00e7a f\u00edsica com o ex-presidente Lula, Novaes comumente \u00e9 abordado por pessoas que pedem para tirar foto. O fot\u00f3grafo Beto Novaes, do jornal Estado de Minas, foi agredido durante as manifesta\u00e7\u00f5es desse domingo (12) contra o governo federal em [&hellip;]<\/p>\n","protected":false},"author":1,"featured_media":57275,"comment_status":"open","ping_status":"closed","sticky":false,"template":"","format":"standard","meta":{"amp_status":"","footnotes":""},"categories":[123],"tags":[41701,41698,41703,41702,41699,41697,41700,14124,41696,27031],"class_list":["post-57274","post","type-post","status-publish","format-standard","has-post-thumbnail","hentry","category-gerais","tag-agredido-por-parecer-com-lula","tag-agressao-ao-fotografo-beto-novaes","tag-beto-novaes-foi-agredido-durante-protesto-em-belo-horizonte","tag-beto-novaes-foi-agredido-durante-protesto-praca-da-liberdade","tag-beto-novaes-foi-agredido-porque-se-parece-com-o-presidente-lula","tag-fotografo-beto-novaes","tag-fotografo-e-agredido-em-minas-gerais-por-se-parecer-com-o-ex-presidente-lula","tag-luiz-inacio-lula-da-silva","tag-semelhanca-fisica-com-o-ex-presidente-luiz-inacio-lula-da-silva","tag-sindicato-dos-jornalistas-profissionais-de-minas-gerais"],"_links":{"self":[{"href":"https:\/\/aconteceunovale.com.br\/portal\/index.php?rest_route=\/wp\/v2\/posts\/57274","targetHints":{"allow":["GET"]}}],"collection":[{"href":"https:\/\/aconteceunovale.com.br\/portal\/index.php?rest_route=\/wp\/v2\/posts"}],"about":[{"href":"https:\/\/aconteceunovale.com.br\/portal\/index.php?rest_route=\/wp\/v2\/types\/post"}],"author":[{"embeddable":true,"href":"https:\/\/aconteceunovale.com.br\/portal\/index.php?rest_route=\/wp\/v2\/users\/1"}],"replies":[{"embeddable":true,"href":"https:\/\/aconteceunovale.com.br\/portal\/index.php?rest_route=%2Fwp%2Fv2%2Fcomments&post=57274"}],"version-history":[{"count":0,"href":"https:\/\/aconteceunovale.com.br\/portal\/index.php?rest_route=\/wp\/v2\/posts\/57274\/revisions"}],"wp:featuredmedia":[{"embeddable":true,"href":"https:\/\/aconteceunovale.com.br\/portal\/index.php?rest_route=\/wp\/v2\/media\/57275"}],"wp:attachment":[{"href":"https:\/\/aconteceunovale.com.br\/portal\/index.php?rest_route=%2Fwp%2Fv2%2Fmedia&parent=57274"}],"wp:term":[{"taxonomy":"category","embeddable":true,"href":"https:\/\/aconteceunovale.com.br\/portal\/index.php?rest_route=%2Fwp%2Fv2%2Fcategories&post=57274"},{"taxonomy":"post_tag","embeddable":true,"href":"https:\/\/aconteceunovale.com.br\/portal\/index.php?rest_route=%2Fwp%2Fv2%2Ftags&post=57274"}],"curies":[{"name":"wp","href":"https:\/\/api.w.org\/{rel}","templated":true}]}}