{"id":57271,"date":"2015-04-13T19:04:07","date_gmt":"2015-04-13T22:04:07","guid":{"rendered":"http:\/\/aconteceunovale.com.br\/portal\/?p=57271"},"modified":"2015-04-13T19:04:07","modified_gmt":"2015-04-13T22:04:07","slug":"orientacao-tecnica-e-participacao-em-feiras-garantem-novos-mercados-para-agricultores-mineiros","status":"publish","type":"post","link":"https:\/\/aconteceunovale.com.br\/portal\/?p=57271","title":{"rendered":"Orienta\u00e7\u00e3o t\u00e9cnica e participa\u00e7\u00e3o em feiras garantem novos mercados para agricultores mineiros"},"content":{"rendered":"<h4><strong><em>Produtores s\u00e3o orientados pela Empresa de Assist\u00eancia T\u00e9cnica e Extens\u00e3o Rural do Estado de Minas Gerais (Emater-MG) sobre qualidade, legisla\u00e7\u00e3o e comercializa\u00e7\u00e3o<\/em><\/strong><\/h4>\n<p>Produtores rurais do Tri\u00e2ngulo Mineiro est\u00e3o conseguindo conquistar novos mercados gra\u00e7as \u00e0 assist\u00eancia t\u00e9cnica da Empresa de Assist\u00eancia T\u00e9cnica e Extens\u00e3o Rural do Estado de Minas Gerais (Emater-MG) e \u00e0 participa\u00e7\u00e3o em feiras promovidas na regi\u00e3o. Um exemplo vem do munic\u00edpio de Uberl\u00e2ndia. Jo\u00e3o Vieira de Aguiar J\u00fanior \u00e9 produtor de lingui\u00e7a e espera aumentar as vendas ap\u00f3s fazer novos contatos com compradores da regi\u00e3o. Tudo gra\u00e7as \u00e0 participa\u00e7\u00e3o nas duas \u00faltimas edi\u00e7\u00f5es da Femec, uma feira realizada em Uberl\u00e2ndia, que contou com o Pavilh\u00e3o da Agroind\u00fastria Familiar, coordenado pela Emater-MG.<\/p>\n<p><img decoding=\"async\" src=\"http:\/\/aconteceunovale.com.br\/portal\/wp-content\/uploads\/2015\/04\/orientacao-tecnica-e-participacao-em-feiras-garantem-novos-mercados-para-agricultores-mineiros.jpg\" alt=\"\" \/><em>Feiras promovidas nas regi\u00f5es s\u00e3o importantes para divulga\u00e7\u00e3o dos produtos &#8211; Foto: Emater-MG<\/em><br \/>\n<\/br><\/p>\n<p>A primeira participa\u00e7\u00e3o da feira, de acordo com o produtor, foi importante para divulgar o produto. \u201cFoi uma divulga\u00e7\u00e3o muito boa. Ningu\u00e9m conhecia o nosso produto\u201d, ressaltou. Este ano, Jo\u00e3o Vieira participou novamente da Femec e o resultado superou as expectativas. Segundo ele, o valor das vendas deste ano foi seis vezes maior do que o do ano passado. \u201cDessa vez foi excelente, tanto na parte de divulga\u00e7\u00e3o, quanto na comercializa\u00e7\u00e3o. Al\u00e9m disso, conseguimos firmar novos contratos. A feira abriu as portas do mercado para a gente\u201d, afirmou Jo\u00e3o Vieira. Por semana, Jo\u00e3o Vieira produz 600 quilos de lingui\u00e7a. O principal incentivo para o produtor participar da feira veio da Emater-MG. A empresa presta assist\u00eancia t\u00e9cnica a ele, visando a qualidade dos produtos e a comercializa\u00e7\u00e3o dos mesmos.<\/p>\n<p>O valor obtido com as venda dos produtos da agricultura familiar na Femec 2015, realizada no final de mar\u00e7o pelo Sindicato Rural de Uberl\u00e2ndia, chegou a R$ 35 mil, superando o saldo do ano passado que foi de R$ 5 mil. O Pavilh\u00e3o da Agroind\u00fastria Familiar reuniu cerca de 17 produtores de Uberl\u00e2ndia e regi\u00e3o. Eles comercializaram diversos produtos, como queijos, requeij\u00e3o, doces, quitandas, fil\u00e9 de til\u00e1pia resfriado, pimentas, farinhas e mel. Todos os produtores s\u00e3o assistidos pela Emater-MG e recebem orienta\u00e7\u00f5es para que possam produzir produtos de qualidade. A empresa tamb\u00e9m orienta os produtores sobre a apresenta\u00e7\u00e3o final do produto, comercializa\u00e7\u00e3o e legisla\u00e7\u00e3o.<\/p>\n<p>Para o gerente regional da Emater-MG, Gilberto Carlos de Freitas, o aumento nas vendas neste ano se deve ao espa\u00e7o voltado exclusivamente para os agricultores familiares e \u00e0 qualidade dos produtos.\u201cO crescimento do p\u00fablico participante da Femec e do n\u00famero de empresas expositoras, aliado \u00e0 qualidade e tradi\u00e7\u00e3o dos produtos do meio rural e a cria\u00e7\u00e3o do Pavilh\u00e3o da Agroind\u00fastria, proporcionaram o aumento das vendas\u201d, disse.<\/p>\n<p>A participa\u00e7\u00e3o dos agricultores familiares na Femec tem como objetivos estimular a comercializa\u00e7\u00e3o dos produtos da agroind\u00fastria familiar na regi\u00e3o e oferecer aos agricultores a possibilidade de conquistar novos clientes. \u201cEsse momento propicia ao produtor uma grande experi\u00eancia de mercado pelo contato direto com o consumidor final\u201d, afirma a coordenadora de Bem-estar Social da Emater de Uberl\u00e2ndia, Patr\u00edcia Beatriz Modesto Freitas.<\/p>\n<p>No Pavilh\u00e3o da Agroind\u00fastria Familiar tamb\u00e9m foi oferecido aos produtores diversos cursos e palestras. Os agricultores, por exemplo, participaram de treinamentos para a produ\u00e7\u00e3o de tortas doces e salgadas, pimentas e molhos, quitandas, picles e conservas. J\u00e1 as palestras abordam variados temas, como produ\u00e7\u00e3o de queijo minas artesanal, embalagem e rotulagem de produtos da agroind\u00fastria familiar, boas praticas na manipula\u00e7\u00e3o de alimentos, gest\u00e3o da comercializa\u00e7\u00e3o, e aspectos tribut\u00e1rios e previdenci\u00e1rios da agroind\u00fastria familiar rural. \u201c O Pavilh\u00e3o da Agroind\u00fastria foi uma iniciativa muito positiva, pois reuniu em um s\u00f3 lugar, diversas oportunidades para as fam\u00edlias rurais\u201d, comentou Patr\u00edcia Freitas.<\/p>\n<p><strong>Venda de quitandas<\/strong><\/p>\n<p>Durante a Femec, as pr\u00f3prias empresas que participaram do evento adquiriram diversos produtos dos agricultores familiares. Isso foi o que fez a Uniparts, uma concession\u00e1ria de m\u00e1quinas agr\u00edcolas. A empresa contratou os servi\u00e7os de um grupo de quitandeiras para servir um caf\u00e9 para os seus clientes, com bolos, biscoitos e p\u00e3o de queijo. \u201cOs produtos do grupo s\u00e3o de primeira. Os clientes gostaram muito. Se houver uma pr\u00f3xima oportunidade, n\u00f3s contrataremos outra vez os servi\u00e7os do grupo\u201d, enfatizou o diretor Comercial da Uniparts, Valdeir In\u00e1cio de Paula.<\/p>\n<p>O gerente da Emater-MG ressaltou a import\u00e2ncia da feira para agricultura familiar. \u201cA Femec \u00e9 uma oportunidade extra de comercializa\u00e7\u00e3o e divulga\u00e7\u00e3o dos produtos das agroind\u00fastrias. Os produtos s\u00e3o comercializados durante a feira, bem como s\u00e3o iniciadas oportunidades de comercializa\u00e7\u00e3o p\u00f3s-feira\u201d, finalizou. (Ag\u00eancia Minas)<\/p>\n","protected":false},"excerpt":{"rendered":"<p>Produtores s\u00e3o orientados pela Empresa de Assist\u00eancia T\u00e9cnica e Extens\u00e3o Rural do Estado de Minas Gerais (Emater-MG) sobre qualidade, legisla\u00e7\u00e3o e comercializa\u00e7\u00e3o Produtores rurais do Tri\u00e2ngulo Mineiro est\u00e3o conseguindo conquistar novos mercados gra\u00e7as \u00e0 assist\u00eancia t\u00e9cnica da Empresa de Assist\u00eancia T\u00e9cnica e Extens\u00e3o Rural do Estado de Minas Gerais (Emater-MG) e \u00e0 participa\u00e7\u00e3o em feiras [&hellip;]<\/p>\n","protected":false},"author":1,"featured_media":57272,"comment_status":"open","ping_status":"closed","sticky":false,"template":"","format":"standard","meta":{"amp_status":"","footnotes":""},"categories":[123],"tags":[41688,25775,41693,41690,41691,41692,41689,41687,41686,221,41694,41695],"class_list":["post-57271","post","type-post","status-publish","format-standard","has-post-thumbnail","hentry","category-gerais","tag-agricultores-mineiros","tag-emater-mg","tag-femec","tag-femec-2015","tag-gerente-regional-da-emater-mg","tag-gilberto-carlos-de-freitas","tag-joao-vieira-de-aguiar-junior","tag-mercados-para-agricultores-mineiros","tag-orientacao-tecnica-e-participacao-em-feiras-garantem-novos-mercados-para-agricultores-mineiros","tag-uberlandia","tag-uniparts","tag-valdeir-inacio-de-paula"],"_links":{"self":[{"href":"https:\/\/aconteceunovale.com.br\/portal\/index.php?rest_route=\/wp\/v2\/posts\/57271","targetHints":{"allow":["GET"]}}],"collection":[{"href":"https:\/\/aconteceunovale.com.br\/portal\/index.php?rest_route=\/wp\/v2\/posts"}],"about":[{"href":"https:\/\/aconteceunovale.com.br\/portal\/index.php?rest_route=\/wp\/v2\/types\/post"}],"author":[{"embeddable":true,"href":"https:\/\/aconteceunovale.com.br\/portal\/index.php?rest_route=\/wp\/v2\/users\/1"}],"replies":[{"embeddable":true,"href":"https:\/\/aconteceunovale.com.br\/portal\/index.php?rest_route=%2Fwp%2Fv2%2Fcomments&post=57271"}],"version-history":[{"count":0,"href":"https:\/\/aconteceunovale.com.br\/portal\/index.php?rest_route=\/wp\/v2\/posts\/57271\/revisions"}],"wp:featuredmedia":[{"embeddable":true,"href":"https:\/\/aconteceunovale.com.br\/portal\/index.php?rest_route=\/wp\/v2\/media\/57272"}],"wp:attachment":[{"href":"https:\/\/aconteceunovale.com.br\/portal\/index.php?rest_route=%2Fwp%2Fv2%2Fmedia&parent=57271"}],"wp:term":[{"taxonomy":"category","embeddable":true,"href":"https:\/\/aconteceunovale.com.br\/portal\/index.php?rest_route=%2Fwp%2Fv2%2Fcategories&post=57271"},{"taxonomy":"post_tag","embeddable":true,"href":"https:\/\/aconteceunovale.com.br\/portal\/index.php?rest_route=%2Fwp%2Fv2%2Ftags&post=57271"}],"curies":[{"name":"wp","href":"https:\/\/api.w.org\/{rel}","templated":true}]}}