{"id":56994,"date":"2015-04-10T21:21:47","date_gmt":"2015-04-11T00:21:47","guid":{"rendered":"http:\/\/aconteceunovale.com.br\/portal\/?p=56994"},"modified":"2015-04-10T21:23:35","modified_gmt":"2015-04-11T00:23:35","slug":"sete-pessoas-sao-detidas-durante-operacao-conjunta-das-policias-civil-e-militar-de-espinosa","status":"publish","type":"post","link":"https:\/\/aconteceunovale.com.br\/portal\/?p=56994","title":{"rendered":"Sete pessoas s\u00e3o detidas durante opera\u00e7\u00e3o conjunta das Pol\u00edcias Civil e Militar de Espinosa"},"content":{"rendered":"<h4><strong><em>A\u00e7\u00e3o visa diminuir o \u00edndice de criminalidade na cidade. Cinco pessoas foram presas por envolvimento com o tr\u00e1fico de drogas.<\/em><\/strong><\/h4>\n<p>Seis pessoas foram presas e um menor apreendido nesta sexta-feira (10) em Espinosa, Norte de Minas, durante uma opera\u00e7\u00e3o conjunta das Pol\u00edcias Civil e Militar. Segundo o delegado da PC, Heriv\u00e9lton Ruas Santana, a a\u00e7\u00e3o foi realizada nos Bairros Bela Vista, Santos Dumont, Cigano e Santa Cl\u00e1udia.<\/p>\n<p>O delegado informou que cinco pessoas presas por tr\u00e1fico de drogas foram encaminhadas ao pres\u00eddio da cidade. O Menor prestou depoimento e foi liberado. Um homem, preso por posse ilegal de arma de fogo, pagou fian\u00e7a e tamb\u00e9m foi liberado.<\/p>\n<p>A a\u00e7\u00e3o apreendeu ainda 132 pedras de crack, 36 buchas de maconha, duas espingardas e uma motocicleta. Ainda de acordo com o delegado, um dos objetivos da opera\u00e7\u00e3o \u00e9 diminuir o \u00edndice de criminalidade no munic\u00edpio. \u201cTivemos recentemente um aumento no n\u00famero de assaltos na cidade e, com esta a\u00e7\u00e3o, com certeza estes \u00edndices ir\u00e3o diminuir.<\/p>\n<p><img decoding=\"async\" src=\"http:\/\/aconteceunovale.com.br\/portal\/wp-content\/uploads\/2015\/04\/presos_espinosa_1.jpg\" alt=\"\" \/><em>Opera\u00e7\u00e3o foi realizada em bairros perif\u00e9ricos (Foto: Divulga\u00e7\u00e3o\/Pol\u00edcia Civil)<\/em><br \/>\n<\/br><\/p>\n<p><img decoding=\"async\" src=\"http:\/\/aconteceunovale.com.br\/portal\/wp-content\/uploads\/2015\/04\/presos_espinosa_2.jpg\" alt=\"\" \/><em>Armas e drogas tamb\u00e9m foram apreendidas (Foto: Divulga\u00e7\u00e3o\/Pol\u00edcia Civil)<\/em><br \/>\n<\/br><\/p>\n<p><strong><em>(Fonte: Inter TV Grande Minas)<\/em><\/strong><\/p>\n","protected":false},"excerpt":{"rendered":"<p>A\u00e7\u00e3o visa diminuir o \u00edndice de criminalidade na cidade. Cinco pessoas foram presas por envolvimento com o tr\u00e1fico de drogas. Seis pessoas foram presas e um menor apreendido nesta sexta-feira (10) em Espinosa, Norte de Minas, durante uma opera\u00e7\u00e3o conjunta das Pol\u00edcias Civil e Militar. Segundo o delegado da PC, Heriv\u00e9lton Ruas Santana, a a\u00e7\u00e3o [&hellip;]<\/p>\n","protected":false},"author":1,"featured_media":56995,"comment_status":"open","ping_status":"closed","sticky":false,"template":"","format":"standard","meta":{"amp_status":"","footnotes":""},"categories":[1236],"tags":[41417,1278,23747,41416,41415],"class_list":["post-56994","post","type-post","status-publish","format-standard","has-post-thumbnail","hentry","category-norte_de_minas","tag-delegado-da-pc","tag-espinosa","tag-herivelton-ruas-santana","tag-presos-em-espinosa","tag-sete-pessoas-sao-detidas-durante-operacao-conjunta-das-policias-civil-e-militar-de-espinosa"],"_links":{"self":[{"href":"https:\/\/aconteceunovale.com.br\/portal\/index.php?rest_route=\/wp\/v2\/posts\/56994","targetHints":{"allow":["GET"]}}],"collection":[{"href":"https:\/\/aconteceunovale.com.br\/portal\/index.php?rest_route=\/wp\/v2\/posts"}],"about":[{"href":"https:\/\/aconteceunovale.com.br\/portal\/index.php?rest_route=\/wp\/v2\/types\/post"}],"author":[{"embeddable":true,"href":"https:\/\/aconteceunovale.com.br\/portal\/index.php?rest_route=\/wp\/v2\/users\/1"}],"replies":[{"embeddable":true,"href":"https:\/\/aconteceunovale.com.br\/portal\/index.php?rest_route=%2Fwp%2Fv2%2Fcomments&post=56994"}],"version-history":[{"count":0,"href":"https:\/\/aconteceunovale.com.br\/portal\/index.php?rest_route=\/wp\/v2\/posts\/56994\/revisions"}],"wp:featuredmedia":[{"embeddable":true,"href":"https:\/\/aconteceunovale.com.br\/portal\/index.php?rest_route=\/wp\/v2\/media\/56995"}],"wp:attachment":[{"href":"https:\/\/aconteceunovale.com.br\/portal\/index.php?rest_route=%2Fwp%2Fv2%2Fmedia&parent=56994"}],"wp:term":[{"taxonomy":"category","embeddable":true,"href":"https:\/\/aconteceunovale.com.br\/portal\/index.php?rest_route=%2Fwp%2Fv2%2Fcategories&post=56994"},{"taxonomy":"post_tag","embeddable":true,"href":"https:\/\/aconteceunovale.com.br\/portal\/index.php?rest_route=%2Fwp%2Fv2%2Ftags&post=56994"}],"curies":[{"name":"wp","href":"https:\/\/api.w.org\/{rel}","templated":true}]}}