{"id":56991,"date":"2015-04-10T21:10:57","date_gmt":"2015-04-11T00:10:57","guid":{"rendered":"http:\/\/aconteceunovale.com.br\/portal\/?p=56991"},"modified":"2015-04-10T21:10:57","modified_gmt":"2015-04-11T00:10:57","slug":"suspeito-de-estuprar-adolescente-de-13-anos-e-preso-em-governador-valadares","status":"publish","type":"post","link":"https:\/\/aconteceunovale.com.br\/portal\/?p=56991","title":{"rendered":"Suspeito de estuprar adolescente de 13 anos \u00e9 preso em Governador Valadares"},"content":{"rendered":"<h4><strong><em>Crime aconteceu no Bairro Maria Eug\u00eania. Homem teria praticado sexo oral com a v\u00edtima.<\/em><\/strong><\/h4>\n<p>Um homem foi preso na tarde desta sexta-feira, 10 de abril, por suspeita de abuso sexual contra um adolescente 13 anos no bairro Maria Eug\u00eania, em Governador Valadares, no Vale do Rio Doce.<\/p>\n<p>De acordo com a pol\u00edcia, o crime aconteceu na madrugada desta sexta-feira, na casa da v\u00edtima. O pai do adolescente foi quem flagrou o crime em que o homem teria praticado sexo oral com o adolescente.<\/p>\n<p>Ainda de acordo com a Pol\u00edcia Civil, o suspeito de 40 anos, h\u00e1 algum tempo, j\u00e1 vinha perseguindo o adolescente. Para ter acesso \u00e0 casa da fam\u00edlia ele fez amizade com um irm\u00e3o da v\u00edtima. O homem foi encaminhado para o pres\u00eddio da cidade e vai responder pelo crime de estupro de vulner\u00e1vel. <\/p>\n<p><img decoding=\"async\" src=\"http:\/\/aconteceunovale.com.br\/portal\/wp-content\/uploads\/2015\/04\/preso_estupro_gv.jpg\" alt=\"\" \/><em>Homem foi preso em flagrante e encaminhado \u00e0 delegacia &#8211; Foto: Ant\u00f4nio Cota\/Di\u00e1rio do Rio Doce<\/em><br \/>\n<\/br><\/p>\n<p><strong><em>(Fonte: Inter TV dos Vales)<\/em><\/strong><\/p>\n","protected":false},"excerpt":{"rendered":"<p>Crime aconteceu no Bairro Maria Eug\u00eania. Homem teria praticado sexo oral com a v\u00edtima. Um homem foi preso na tarde desta sexta-feira, 10 de abril, por suspeita de abuso sexual contra um adolescente 13 anos no bairro Maria Eug\u00eania, em Governador Valadares, no Vale do Rio Doce. De acordo com a pol\u00edcia, o crime aconteceu [&hellip;]<\/p>\n","protected":false},"author":1,"featured_media":56992,"comment_status":"open","ping_status":"closed","sticky":false,"template":"","format":"standard","meta":{"amp_status":"","footnotes":""},"categories":[121],"tags":[21052,41414,247,41413],"class_list":["post-56991","post","type-post","status-publish","format-standard","has-post-thumbnail","hentry","category-leste","tag-estupro-em-governador-valadares","tag-estupro-no-bairro-maria-eugenia-em-governador-valadares","tag-governador-valadares","tag-suspeito-de-estuprar-adolescente-de-14-anos-e-preso-em-governador-valadares"],"_links":{"self":[{"href":"https:\/\/aconteceunovale.com.br\/portal\/index.php?rest_route=\/wp\/v2\/posts\/56991","targetHints":{"allow":["GET"]}}],"collection":[{"href":"https:\/\/aconteceunovale.com.br\/portal\/index.php?rest_route=\/wp\/v2\/posts"}],"about":[{"href":"https:\/\/aconteceunovale.com.br\/portal\/index.php?rest_route=\/wp\/v2\/types\/post"}],"author":[{"embeddable":true,"href":"https:\/\/aconteceunovale.com.br\/portal\/index.php?rest_route=\/wp\/v2\/users\/1"}],"replies":[{"embeddable":true,"href":"https:\/\/aconteceunovale.com.br\/portal\/index.php?rest_route=%2Fwp%2Fv2%2Fcomments&post=56991"}],"version-history":[{"count":0,"href":"https:\/\/aconteceunovale.com.br\/portal\/index.php?rest_route=\/wp\/v2\/posts\/56991\/revisions"}],"wp:featuredmedia":[{"embeddable":true,"href":"https:\/\/aconteceunovale.com.br\/portal\/index.php?rest_route=\/wp\/v2\/media\/56992"}],"wp:attachment":[{"href":"https:\/\/aconteceunovale.com.br\/portal\/index.php?rest_route=%2Fwp%2Fv2%2Fmedia&parent=56991"}],"wp:term":[{"taxonomy":"category","embeddable":true,"href":"https:\/\/aconteceunovale.com.br\/portal\/index.php?rest_route=%2Fwp%2Fv2%2Fcategories&post=56991"},{"taxonomy":"post_tag","embeddable":true,"href":"https:\/\/aconteceunovale.com.br\/portal\/index.php?rest_route=%2Fwp%2Fv2%2Ftags&post=56991"}],"curies":[{"name":"wp","href":"https:\/\/api.w.org\/{rel}","templated":true}]}}