{"id":56987,"date":"2015-04-10T20:50:40","date_gmt":"2015-04-10T23:50:40","guid":{"rendered":"http:\/\/aconteceunovale.com.br\/portal\/?p=56987"},"modified":"2015-04-10T20:52:24","modified_gmt":"2015-04-10T23:52:24","slug":"hospital-municipal-de-governador-valadares-sera-doado-a-ufjf","status":"publish","type":"post","link":"https:\/\/aconteceunovale.com.br\/portal\/?p=56987","title":{"rendered":"Hospital Municipal de Governador Valadares ser\u00e1 doado \u00e0 UFJF"},"content":{"rendered":"<p>Refer\u00eancia em sa\u00fade para mais de 85 munic\u00edpios, cerca de um milh\u00e3o e meio de pessoas, o Hospital Municipal (HPS) de Governador Valadares, no Leste do Estado, ser\u00e1 federalizado. \u00danico pronto-socorro da cidade com atendimento 100% pelo Sistema \u00danico de Sa\u00fade (SUS), ser\u00e1 doado \u00e0 Universidade Federal de Juiz de Fora (UFJF) para ser transformado em \u201chospital escola\u201d. A transi\u00e7\u00e3o vai durar um ano. Com a federaliza\u00e7\u00e3o o hospital ser\u00e1 gerido pela universidade com recursos federais.<\/p>\n<p>O an\u00fancio foi feito na tarde desta sexta (10) em coletiva pela prefeita Elisa Costa (PT) e marca o in\u00edcio das discuss\u00f5es, com o Sindicato dos Servidores Municipais (Sinsem) &#8211; o hospital tem cerca de mil servidores \u2013 e com a C\u00e2mara que deve receber o Projeto de Lei da doa\u00e7\u00e3o ainda neste semestre. A prefeita confia na aprova\u00e7\u00e3o. \u201cUm debate \u00e9 sempre bem vindo e democr\u00e1tico. Uma C\u00e2mara que tem compromisso com a sa\u00fade e a cidade vai compreender bem o que estamos apresentando\u201d, diz.<\/p>\n<p>\u201cEspero um bom debate, maduro, sereno, equilibrado e que beneficie a sa\u00fade p\u00fablica\u201d, refor\u00e7a. As negocia\u00e7\u00f5es e discuss\u00f5es com os minist\u00e9rios da Sa\u00fade, Educa\u00e7\u00e3o e com a universidade foram iniciadas em 2012. Agora s\u00f3 falta oficializar. \u201c\u00c9 uma a\u00e7\u00e3o extremamente positiva para Valadares porque se o nosso hospital j\u00e1 atende bem com a qualidade de profissionais e equipamentos que tem, podemos avan\u00e7ar mais com pesquisas, melhorias nas instala\u00e7\u00f5es f\u00edsicas, readequa\u00e7\u00e3o e oferecendo ainda mais qualidade na aten\u00e7\u00e3o \u00e0 sa\u00fade\u201d .<\/p>\n<p>De acordo com a prefeita, os servidores que atuam no HPS, alguns h\u00e1 quase 30 anos, n\u00e3o precisam se preocupar. \u201cVamos tratar o processo de transi\u00e7\u00e3o com muito cuidado e respeito porque temos quase mil trabalhadores da sa\u00fade no HPS, a maioria concursados, que tem hist\u00f3ria e dedicaram sua vida ao hospital\u201d, prometeu, sem dar detalhes de como ser\u00e1 a transi\u00e7\u00e3o deles dos quadros do munic\u00edpio para o federal. A secret\u00e1ria Municipal de Sa\u00fade, K\u00e1tia Diniz, anunciou a cria\u00e7\u00e3o de um grupo gestor para orientar os servidores. O HPS faz cerca de 14 mil interna\u00e7\u00f5es por ano.<\/p>\n<p>Ao elencar os benef\u00edcios da federaliza\u00e7\u00e3o para os estudantes , o coordenador do curso de Medicina da UFJF, Emerson Ramos Lopes, tamb\u00e9m destacou as vantagens para a popula\u00e7\u00e3o. \u201cTeremos uma gest\u00e3o federal atrav\u00e9s da Empresa Brasileira de Servi\u00e7os Hospitalares que administra hoje 30 de 50 hospitais universit\u00e1rios de todo o Brasil e que possui recursos pr\u00f3prios (federais); que tem uma gest\u00e3o administrativa moderna, sistemas de controle e de auditoria, e organogramas funcionais muito mais aprimorados voltados para princ\u00edpios de governan\u00e7a corporativa\u201d, diz.<\/p>\n<p><img decoding=\"async\" src=\"http:\/\/aconteceunovale.com.br\/portal\/wp-content\/uploads\/2015\/04\/hospital_de_governador_valadares.jpg\" alt=\"\" \/><em>Hospital Municipal de Governador Valadares &#8211; Foto: Leonardo Morais \/ Jornal Hoje em Dia<\/em><br \/>\n<\/br><\/p>\n<p><strong><em>(Fonte: Jornal Hoje em Dia)<\/em><\/strong><\/p>\n","protected":false},"excerpt":{"rendered":"<p>Refer\u00eancia em sa\u00fade para mais de 85 munic\u00edpios, cerca de um milh\u00e3o e meio de pessoas, o Hospital Municipal (HPS) de Governador Valadares, no Leste do Estado, ser\u00e1 federalizado. \u00danico pronto-socorro da cidade com atendimento 100% pelo Sistema \u00danico de Sa\u00fade (SUS), ser\u00e1 doado \u00e0 Universidade Federal de Juiz de Fora (UFJF) para ser transformado [&hellip;]<\/p>\n","protected":false},"author":1,"featured_media":56989,"comment_status":"open","ping_status":"closed","sticky":false,"template":"","format":"standard","meta":{"amp_status":"","footnotes":""},"categories":[121],"tags":[1018,41409,41410,41408,247,41412,41407,41406,41411],"class_list":["post-56987","post","type-post","status-publish","format-standard","has-post-thumbnail","hentry","category-leste","tag-destaque","tag-doacao-do-hm-de-governador-valadares","tag-doacao-do-hospital-de-governador-valadares","tag-doacao-do-hospital-municipal-de-governador-valadares","tag-governador-valadares","tag-hmgv","tag-hospital-municipal-de-governador-valadares","tag-hospital-municipal-de-governador-valadares-sera-doado-a-ufjf","tag-hospital-municipal-de-governador-valadares-sera-transformado-em-hospital-escola-da-ufjf"],"_links":{"self":[{"href":"https:\/\/aconteceunovale.com.br\/portal\/index.php?rest_route=\/wp\/v2\/posts\/56987","targetHints":{"allow":["GET"]}}],"collection":[{"href":"https:\/\/aconteceunovale.com.br\/portal\/index.php?rest_route=\/wp\/v2\/posts"}],"about":[{"href":"https:\/\/aconteceunovale.com.br\/portal\/index.php?rest_route=\/wp\/v2\/types\/post"}],"author":[{"embeddable":true,"href":"https:\/\/aconteceunovale.com.br\/portal\/index.php?rest_route=\/wp\/v2\/users\/1"}],"replies":[{"embeddable":true,"href":"https:\/\/aconteceunovale.com.br\/portal\/index.php?rest_route=%2Fwp%2Fv2%2Fcomments&post=56987"}],"version-history":[{"count":0,"href":"https:\/\/aconteceunovale.com.br\/portal\/index.php?rest_route=\/wp\/v2\/posts\/56987\/revisions"}],"wp:featuredmedia":[{"embeddable":true,"href":"https:\/\/aconteceunovale.com.br\/portal\/index.php?rest_route=\/wp\/v2\/media\/56989"}],"wp:attachment":[{"href":"https:\/\/aconteceunovale.com.br\/portal\/index.php?rest_route=%2Fwp%2Fv2%2Fmedia&parent=56987"}],"wp:term":[{"taxonomy":"category","embeddable":true,"href":"https:\/\/aconteceunovale.com.br\/portal\/index.php?rest_route=%2Fwp%2Fv2%2Fcategories&post=56987"},{"taxonomy":"post_tag","embeddable":true,"href":"https:\/\/aconteceunovale.com.br\/portal\/index.php?rest_route=%2Fwp%2Fv2%2Ftags&post=56987"}],"curies":[{"name":"wp","href":"https:\/\/api.w.org\/{rel}","templated":true}]}}