{"id":56981,"date":"2015-04-10T20:15:55","date_gmt":"2015-04-10T23:15:55","guid":{"rendered":"http:\/\/aconteceunovale.com.br\/portal\/?p=56981"},"modified":"2015-04-10T20:43:00","modified_gmt":"2015-04-10T23:43:00","slug":"conta-de-agua-ficara-1504-mais-cara-em-minas-gerais","status":"publish","type":"post","link":"https:\/\/aconteceunovale.com.br\/portal\/?p=56981","title":{"rendered":"Conta de \u00e1gua ficar\u00e1 15,04% mais cara em Minas Gerais"},"content":{"rendered":"<p>Clientes da Copasa receber\u00e3o a conta de \u00e1gua com um aumento de 15,04% em todo o Estado. O aumento recebeu a autoriza\u00e7\u00e3o da Ag\u00eancia Reguladora de Servi\u00e7os de Abastecimento de \u00c1gua e de Esgotamento Sanit\u00e1rio do Estado de Minas Gerais (Arsae-MG) na tarde desta sexta-feira (10). A aplica\u00e7\u00e3o do reajuste \u00e9 por um ano, a partir de 13 de maio. <\/p>\n<p>Segundo a Arsae, a eleva\u00e7\u00e3o de 62,22% nos custos de energia el\u00e9trica da Copasa foi o principal fator a contribuir para o aumento das tarifas de \u00e1gua e de esgoto. S\u00f3 a energia el\u00e9trica contribuiu com 5,58% do \u00edndice total autorizado. <\/p>\n<p>Para usu\u00e1rios residenciais com consumo de 10 mil litros de \u00e1gua por m\u00eas e servi\u00e7o de coleta de esgoto, o aumento na fatura ser\u00e1 de R$5,20. O valor da conta passar\u00e1 de R$34,67 para R$39,87. <\/p>\n<p>Usu\u00e1rios beneficiados pela Tarifa Social institu\u00edda pela ARSAE-MG em 2012, com consumo de 10 mil litros de \u00e1gua por m\u00eas e servi\u00e7o de coleta de esgoto ter\u00e3o um aumento na fatura de R$ 3,55, com o valor da conta passando de R$23,57 para R$27,12. Em fevereiro de 2015, cerca de 630 mil fam\u00edlias foram beneficiadas com a Tarifa Social.<\/p>\n<p>A Resolu\u00e7\u00e3o que trata do reajuste dever\u00e1 ser publicada no Di\u00e1rio Oficial do Estado, o \u201cMinas Gerais\u201d, na edi\u00e7\u00e3o deste s\u00e1bado (11). A Nota T\u00e9cnica contendo todas as informa\u00e7\u00f5es e o c\u00e1lculo de cada componente do \u00edndice j\u00e1 est\u00e1 dispon\u00edvel no site <a href=\"http:\/\/arsae.mg.gov.br\/images\/documentos\/nota_tecnica_2_2015_reajuste_tarif_copasa.pdf\" target=\"_blank\"><strong>www.arsae.mg.gov.br<\/strong><\/a>. <\/p>\n<p><strong>Entenda o c\u00e1lculo<\/strong><\/p>\n<p>Para a defini\u00e7\u00e3o do \u00edndice de reajuste nas tarifas da Copasa, a Arsae aplicou a metodologia definida pela Ag\u00eancia e submetida a Audi\u00eancia P\u00fablica em 2011. Com o objetivo principal de manter o equil\u00edbrio entre a capacidade de pagamento de usu\u00e1rios e a manuten\u00e7\u00e3o das condi\u00e7\u00f5es para que o prestador oferte servi\u00e7os com abrang\u00eancia e qualidade, essa metodologia utiliza informa\u00e7\u00f5es cont\u00e1beis, gerenciais e de mercado da Copasa para apurar o efeito inflacion\u00e1rio nos diferentes tipos de custos de cada prestador e, no caso da Copasa, est\u00e1 sendo utilizada pela quinta vez. <em>(Jornal Hoje em Dia)<\/em><\/p>\n","protected":false},"excerpt":{"rendered":"<p>Clientes da Copasa receber\u00e3o a conta de \u00e1gua com um aumento de 15,04% em todo o Estado. O aumento recebeu a autoriza\u00e7\u00e3o da Ag\u00eancia Reguladora de Servi\u00e7os de Abastecimento de \u00c1gua e de Esgotamento Sanit\u00e1rio do Estado de Minas Gerais (Arsae-MG) na tarde desta sexta-feira (10). A aplica\u00e7\u00e3o do reajuste \u00e9 por um ano, a [&hellip;]<\/p>\n","protected":false},"author":1,"featured_media":56982,"comment_status":"open","ping_status":"closed","sticky":false,"template":"","format":"standard","meta":{"amp_status":"","footnotes":""},"categories":[123],"tags":[6525,41404,41405,41402,41403,179],"class_list":["post-56981","post","type-post","status-publish","format-standard","has-post-thumbnail","hentry","category-gerais","tag-aumento-na-conta-da-copasa","tag-conta-da-copasa-ficara-mais-cara-a-partir-de-maio","tag-conta-da-copasa-mais-cara","tag-conta-de-agua-ficara-15-04-mais-cara-em-minas-gerais","tag-conta-de-agua-ficara-15-mais-cara-em-minas-gerais","tag-copasa"],"_links":{"self":[{"href":"https:\/\/aconteceunovale.com.br\/portal\/index.php?rest_route=\/wp\/v2\/posts\/56981","targetHints":{"allow":["GET"]}}],"collection":[{"href":"https:\/\/aconteceunovale.com.br\/portal\/index.php?rest_route=\/wp\/v2\/posts"}],"about":[{"href":"https:\/\/aconteceunovale.com.br\/portal\/index.php?rest_route=\/wp\/v2\/types\/post"}],"author":[{"embeddable":true,"href":"https:\/\/aconteceunovale.com.br\/portal\/index.php?rest_route=\/wp\/v2\/users\/1"}],"replies":[{"embeddable":true,"href":"https:\/\/aconteceunovale.com.br\/portal\/index.php?rest_route=%2Fwp%2Fv2%2Fcomments&post=56981"}],"version-history":[{"count":0,"href":"https:\/\/aconteceunovale.com.br\/portal\/index.php?rest_route=\/wp\/v2\/posts\/56981\/revisions"}],"wp:featuredmedia":[{"embeddable":true,"href":"https:\/\/aconteceunovale.com.br\/portal\/index.php?rest_route=\/wp\/v2\/media\/56982"}],"wp:attachment":[{"href":"https:\/\/aconteceunovale.com.br\/portal\/index.php?rest_route=%2Fwp%2Fv2%2Fmedia&parent=56981"}],"wp:term":[{"taxonomy":"category","embeddable":true,"href":"https:\/\/aconteceunovale.com.br\/portal\/index.php?rest_route=%2Fwp%2Fv2%2Fcategories&post=56981"},{"taxonomy":"post_tag","embeddable":true,"href":"https:\/\/aconteceunovale.com.br\/portal\/index.php?rest_route=%2Fwp%2Fv2%2Ftags&post=56981"}],"curies":[{"name":"wp","href":"https:\/\/api.w.org\/{rel}","templated":true}]}}