{"id":56085,"date":"2015-03-30T20:13:15","date_gmt":"2015-03-30T23:13:15","guid":{"rendered":"http:\/\/aconteceunovale.com.br\/portal\/?p=56085"},"modified":"2015-03-30T20:21:21","modified_gmt":"2015-03-30T23:21:21","slug":"vereadora-de-santana-do-paraiso-e-investigada-por-acumulo-de-funcoes","status":"publish","type":"post","link":"https:\/\/aconteceunovale.com.br\/portal\/?p=56085","title":{"rendered":"Vereadora de Santana do Para\u00edso \u00e9 investigada por ac\u00famulo de fun\u00e7\u00f5es"},"content":{"rendered":"<h4><strong><em>Segundo den\u00fancia, vereadora \u00e9 chefe de gabinete em Morro do Pilar. Promotor diz que legislativo n\u00e3o pode acumular cargo comissionado.<\/em><\/strong><\/h4>\n<p>O Minist\u00e9rio P\u00fablico instaurou um inqu\u00e9rito para apurar uma den\u00fancia de que a vereadora da cidade de Santana do Para\u00edso, Cl\u00e1udia Rodrigues Lage (PMN), estaria acumulando fun\u00e7\u00f5es. A parlamentar tamb\u00e9m seria chefe de gabinete da Prefeitura de Morro do Pilar, cidade que fica a 300 quil\u00f4metros de Santana do Para\u00edso.<\/p>\n<p><img decoding=\"async\" src=\"http:\/\/aconteceunovale.com.br\/portal\/wp-content\/uploads\/2015\/03\/vereadora_santana_do_paraiso_1.jpg\" alt=\"\" \/><em>Vereadora Cl\u00e1udia Lage foi denunciada ao minist\u00e9rio p\u00fablico &#8211; Foto: Divulga\u00e7\u00e3o<\/em><br \/>\n<\/br><\/p>\n<p>O promotor de Ipatinga F\u00e1bio Finotte, que est\u00e1 investigando o caso, afirmou nesta segunda-feira (30\/03) que recebeu alguns documentos de uma moradora de Santana do Para\u00edso, denunciando a vereadora.<\/p>\n<p>Finotte diz que o MP j\u00e1 pediu informa\u00e7\u00f5es para Prefeitura de Morro do Pilar, e tamb\u00e9m para C\u00e2mara de Santana do Para\u00edso, referente \u00e0s fun\u00e7\u00f5es ocupadas pela parlamentar.<\/p>\n<p>&#8220;Recebemos recentemente a den\u00fancia contra a vereadora e estamos apurando, mas adianto que quem ocupa cargos no legislativo n\u00e3o pode acumular nenhum outro cargo comissionado, nem em sua cidade de origem e em nenhum outro lugar. Se esse for verdadeiramente o caso da Cl\u00e1udia, ela est\u00e1 violando explicitamente a lei. Para exercer a fun\u00e7\u00e3o comissionada, \u00e9 necess\u00e1rio licenciar&#8221;, explicou o promotor.<\/p>\n<p>A den\u00fancia foi assinada pela moradora de Santana do Para\u00edso, Silvia Cristina Santos, que encaminhou no m\u00eas de mar\u00e7o para promotoria uma s\u00e9rie de documentos que comprovariam a veracidade dos fatos.<\/p>\n<p>Segundo a denunciante, a vereadora estaria apenas frequentando as sess\u00f5es do legislativo paraisense e recebendo o sal\u00e1rio mensal, al\u00e9m de tamb\u00e9m ser remunerada como chefe de gabinete.<\/p>\n<p>&#8220;Com o ac\u00famulo de fun\u00e7\u00f5es, a vereadora n\u00e3o est\u00e1 prestando bons servi\u00e7os ao munic\u00edpio. Existem poucos projetos de lei assinados por ela, al\u00e9m de n\u00e3o ter tempo de fiscalizar o Executivo, que \u00e9 fun\u00e7\u00e3o dela. Outra indigna\u00e7\u00e3o \u00e9 o fato de Cl\u00e1udia nem morar em Santana do Para\u00edso, e os filhos dela j\u00e1 est\u00e3o estudando em uma escola de Morro do Pilar&#8221;, argumenta Silvia.<\/p>\n<p>Silva diz ainda que a parlamentar tomou posse como chefe de gabinete em dezembro de 2014, mas que antes disso ela j\u00e1 trabalhava no Executivo de Morro do Pilar, como assessora de um programa de assist\u00eancia social da cidade.<\/p>\n<p>&#8220;Cl\u00e1udia vem \u00e0 cidade de Santana do Para\u00edso a passeio. A casa dela j\u00e1 est\u00e1 at\u00e9 alugada. O marido da vereadora tamb\u00e9m est\u00e1 trabalhando na prefeitura de Morro do Pilar como secret\u00e1rio de obras. A vida dela n\u00e3o \u00e9 mais aqui&#8221;, finalizou.<\/p>\n<p><strong>Problemas Judiciais<\/strong><\/p>\n<p>Segundo o promotor, a parlamentar j\u00e1 responde por processo de improbidade administrativa e enriquecimento il\u00edcito.<\/p>\n<p>Cl\u00e1udia teria sido apontada pelo MP por desvio de recursos na \u00e1rea da assist\u00eancia social do munic\u00edpio, na ocasi\u00e3o em que a mesma era titular na secretaria de assist\u00eancia social na gest\u00e3o do ex-prefeito Joaquim Correia, o Kim.<\/p>\n<p>Se condenada nesta a\u00e7\u00e3o, a vereadora poder\u00e1 perder os seus direitos pol\u00edticos e ter que ressarcir o dano causado aos cofres p\u00fablicos de Santana do Para\u00edso, em um valor de cerca de R$ 145 mil.<\/p>\n<p>A parlamentar confirmou ao G1 que exerce as duas fun\u00e7\u00f5es. Segundo Claudia Lage, ela entende que n\u00e3o h\u00e1 conflito de interesses, j\u00e1 que cumpre os hor\u00e1rios nos dois lugares, e n\u00e3o deixa de cumprir as duas fun\u00e7\u00f5es.<\/p>\n<p>&#8220;Vou aguardar os tr\u00e2mites da Justi\u00e7a e recorrer enquanto estiver no meu direito. Vou esperar a decis\u00e3o judicial a acatar o que for determinado. N\u00e3o agi de m\u00e1 f\u00e9, e existem casos semelhantes em outros estados, o que me serviu de exemplo.&#8221;<\/p>\n<p>Quando ao fato de n\u00e3o morar mais em Santana do Para\u00edso, a vereadora afirma que possui resid\u00eancia na cidade, mas tamb\u00e9m tem uma casa em Morro do Pilar, onde os filhos moram, e podem ficar perto do marido.<\/p>\n<p><img decoding=\"async\" src=\"http:\/\/aconteceunovale.com.br\/portal\/wp-content\/uploads\/2015\/03\/vereadora_santana_do_paraiso_2.jpg\" alt=\"\" \/><em>Moradora de Santana do Para\u00edso denunciou vereadora ao minist\u00e9rio p\u00fablico &#8211; Foto: Divulga\u00e7\u00e3o<\/em><br \/>\n<\/br><\/p>\n<p><strong><em>(Fonte: Inter TV dos Vales)<\/em><\/strong><\/p>\n","protected":false},"excerpt":{"rendered":"<p>Segundo den\u00fancia, vereadora \u00e9 chefe de gabinete em Morro do Pilar. Promotor diz que legislativo n\u00e3o pode acumular cargo comissionado. O Minist\u00e9rio P\u00fablico instaurou um inqu\u00e9rito para apurar uma den\u00fancia de que a vereadora da cidade de Santana do Para\u00edso, Cl\u00e1udia Rodrigues Lage (PMN), estaria acumulando fun\u00e7\u00f5es. A parlamentar tamb\u00e9m seria chefe de gabinete da [&hellip;]<\/p>\n","protected":false},"author":1,"featured_media":56086,"comment_status":"open","ping_status":"closed","sticky":false,"template":"","format":"standard","meta":{"amp_status":"","footnotes":""},"categories":[121],"tags":[39776,39782,39773,39775,39778,39774,39772,39780,39781,39786,2230,39777,2101,39779,39783,39784,39771,39785],"class_list":["post-56085","post","type-post","status-publish","format-standard","has-post-thumbnail","hentry","category-leste","tag-chefe-de-gabinete-da-prefeitura-de-morro-do-pilar","tag-claudia-lage","tag-claudia-rodrigues-lage","tag-claudia-rodrigues-lage-santana-do-paraiso","tag-fabio-finotte","tag-investigacao-da-vereadora-claudia-rodrigues-lage","tag-investigacao-de-vereadora-de-santana-do-paraiso","tag-joaquim-correia","tag-kim","tag-moradora-de-santana-do-paraiso-denunciou-vereadora-ao-ministerio-publico","tag-morro-do-pilar","tag-promotor-de-ipatinga-fabio-finotte","tag-santana-do-paraiso","tag-silvia-cristina-santos","tag-vereadora-claudia-lage","tag-vereadora-claudia-lage-foi-denunciada-por-receber-salarios-em-santana-do-paraiso-e-residir-no-municipio-de-morro-do-pilar","tag-vereadora-de-santana-do-paraiso-e-investigada","tag-vereadora-de-santana-do-paraiso-e-investigada-por-acumulo-de-funcoes"],"_links":{"self":[{"href":"https:\/\/aconteceunovale.com.br\/portal\/index.php?rest_route=\/wp\/v2\/posts\/56085","targetHints":{"allow":["GET"]}}],"collection":[{"href":"https:\/\/aconteceunovale.com.br\/portal\/index.php?rest_route=\/wp\/v2\/posts"}],"about":[{"href":"https:\/\/aconteceunovale.com.br\/portal\/index.php?rest_route=\/wp\/v2\/types\/post"}],"author":[{"embeddable":true,"href":"https:\/\/aconteceunovale.com.br\/portal\/index.php?rest_route=\/wp\/v2\/users\/1"}],"replies":[{"embeddable":true,"href":"https:\/\/aconteceunovale.com.br\/portal\/index.php?rest_route=%2Fwp%2Fv2%2Fcomments&post=56085"}],"version-history":[{"count":0,"href":"https:\/\/aconteceunovale.com.br\/portal\/index.php?rest_route=\/wp\/v2\/posts\/56085\/revisions"}],"wp:featuredmedia":[{"embeddable":true,"href":"https:\/\/aconteceunovale.com.br\/portal\/index.php?rest_route=\/wp\/v2\/media\/56086"}],"wp:attachment":[{"href":"https:\/\/aconteceunovale.com.br\/portal\/index.php?rest_route=%2Fwp%2Fv2%2Fmedia&parent=56085"}],"wp:term":[{"taxonomy":"category","embeddable":true,"href":"https:\/\/aconteceunovale.com.br\/portal\/index.php?rest_route=%2Fwp%2Fv2%2Fcategories&post=56085"},{"taxonomy":"post_tag","embeddable":true,"href":"https:\/\/aconteceunovale.com.br\/portal\/index.php?rest_route=%2Fwp%2Fv2%2Ftags&post=56085"}],"curies":[{"name":"wp","href":"https:\/\/api.w.org\/{rel}","templated":true}]}}