{"id":56077,"date":"2015-03-30T19:28:41","date_gmt":"2015-03-30T22:28:41","guid":{"rendered":"http:\/\/aconteceunovale.com.br\/portal\/?p=56077"},"modified":"2015-03-30T19:30:41","modified_gmt":"2015-03-30T22:30:41","slug":"minas-gerais-ganha-mais-um-ponto-de-emissao-do-certificado-internacional-de-vacinacao","status":"publish","type":"post","link":"https:\/\/aconteceunovale.com.br\/portal\/?p=56077","title":{"rendered":"Minas Gerais ganha mais um ponto de emiss\u00e3o do Certificado Internacional de Vacina\u00e7\u00e3o"},"content":{"rendered":"<h4><strong><em>Sesc Sa\u00fade S\u00e3o Francisco agora \u00e9 Centro de Orienta\u00e7\u00e3o ao Viajante e foi autorizado a emitir o certificado para os viajantes que receberem a vacina no local<\/em><\/strong><\/h4>\n<p>O Sesc foi credenciado \u00e0 Ag\u00eancia Nacional de Vigil\u00e2ncia Sanit\u00e1ria (Anvisa) e agora \u00e9 um Centro de Orienta\u00e7\u00e3o ao Viajante. O Sesc Sa\u00fade S\u00e3o Francisco vai oferecer o servi\u00e7o totalmente gratuito para moradores de Belo Horizonte e regi\u00e3o metropolitana e para aqueles que est\u00e3o de passagem pela capital.<\/p>\n<p>A unidade disponibiliza informa\u00e7\u00f5es importantes sobre o roteiro da viagem, al\u00e9m da emiss\u00e3o do Certificado Internacional de Vacina\u00e7\u00e3o e da imuniza\u00e7\u00e3o contra febre amarela, vacina exigida para retirada do documento. Lembrando que, para prevenir a doen\u00e7a, a dose deve ser tomada pelo menos dez dias antes do embarque.<\/p>\n<p>O Sesc, ap\u00f3s passar por criterioso processo de credenciamento junto ao \u00f3rg\u00e3o federal, est\u00e1 autorizado a emitir o certificado para os viajantes que receberem a vacina no local. Quem j\u00e1 foi vacinado e precisa apenas transcrever o cart\u00e3o para o comprovante de imuniza\u00e7\u00e3o, deve buscar os postos oficias da Anvisa, a exemplo do que fica localizado no aeroporto de Confins.<\/p>\n<p>Em Minas Gerais s\u00e3o apenas seis locais credenciados, contando com a unidade do Sesc. Al\u00e9m do posto do aeroporto internacional, a Secretaria Municipal de Sa\u00fade de Belo Horizonte e outras quatro cl\u00ednicas particulares na capital e no interior comp\u00f5em a lista.<\/p>\n<p>Quem quiser agendar um hor\u00e1rio, pode entrar em contato pelos telefones 3439-8951, 3439-8952, 3439-8953 e 3439-8959. As orienta\u00e7\u00f5es ser\u00e3o realizadas de segunda a s\u00e1bado, de acordo com a agenda. \u00c9 necess\u00e1rio tamb\u00e9m preencher um formul\u00e1rio da Anvisa, dispon\u00edvel no site da institui\u00e7\u00e3o.<\/p>\n<p>Servi\u00e7o: Centro de Orienta\u00e7\u00e3o ao Viajante<br \/>\nLocal: Sesc Sa\u00fade S\u00e3o Francisco &#8211; Rua Viana do Castelo, 490 \u2013 S\u00e3o Francisco<br \/>\nHor\u00e1rio de atendimento: segunda a s\u00e1bado, conforme disponibilidade de agenda<\/p>\n<p><img decoding=\"async\" src=\"http:\/\/aconteceunovale.com.br\/portal\/wp-content\/uploads\/2015\/03\/certificado_internacional_vacinacao.jpg\" alt=\"\" \/><em>Certificado Internacional de Vacina\u00e7\u00e3o emitido por postos oficiais da Anvisa &#8211; Foto: Reprodu\u00e7\u00e3o<\/em><br \/>\n<\/br><\/p>\n<p><em>(Via Estado de Minas)<\/em><\/p>\n","protected":false},"excerpt":{"rendered":"<p>Sesc Sa\u00fade S\u00e3o Francisco agora \u00e9 Centro de Orienta\u00e7\u00e3o ao Viajante e foi autorizado a emitir o certificado para os viajantes que receberem a vacina no local O Sesc foi credenciado \u00e0 Ag\u00eancia Nacional de Vigil\u00e2ncia Sanit\u00e1ria (Anvisa) e agora \u00e9 um Centro de Orienta\u00e7\u00e3o ao Viajante. O Sesc Sa\u00fade S\u00e3o Francisco vai oferecer o [&hellip;]<\/p>\n","protected":false},"author":1,"featured_media":56080,"comment_status":"open","ping_status":"closed","sticky":false,"template":"","format":"standard","meta":{"amp_status":"","footnotes":""},"categories":[123],"tags":[25793,2278,39761,39759,33007,39770,39758,39757,39768,39767,39766,39769,39765,39756,39764,39763,39760,39762],"class_list":["post-56077","post","type-post","status-publish","format-standard","has-post-thumbnail","hentry","category-gerais","tag-agencia-nacional-de-vigilancia-sanitaria","tag-anvisa","tag-centro-de-orientacao-ao-viajante","tag-certificado-internacional-de-profilaxia","tag-certificado-internacional-de-vacinacao","tag-certificado-internacional-de-vacinacao-emitido-por-postos-oficiais-da-anvisa","tag-emissao-do-certificado-internacional-de-profilaxia","tag-emissao-do-certificado-internacional-de-vacinacao","tag-emitir-o-certificado-internacional-de-profilaxia","tag-fazer-o-certificado-internacional-de-profilaxia","tag-local-onde-emite-o-certificado-internacional-de-vacinacao","tag-local-onde-faz-o-certificado-internacional-de-profilaxia","tag-local-onde-faz-o-certificado-internacional-de-vacinacao","tag-minas-gerais-ganha-mais-um-ponto-de-emissao-do-certificado-internacional-de-vacinacao","tag-onde-emitir-o-certificado-internacional-de-vacinacao","tag-onde-fazer-o-certificado-internacional-de-vacinacao","tag-sesc-saude-sao-francisco","tag-sesc-saude-sao-francisco-agora-e-centro-de-orientacao-ao-viajante-e-foi-autorizado-a-emitir-o-certificado-para-os-viajantes-que-receberem-a-vacina-no-local"],"_links":{"self":[{"href":"https:\/\/aconteceunovale.com.br\/portal\/index.php?rest_route=\/wp\/v2\/posts\/56077","targetHints":{"allow":["GET"]}}],"collection":[{"href":"https:\/\/aconteceunovale.com.br\/portal\/index.php?rest_route=\/wp\/v2\/posts"}],"about":[{"href":"https:\/\/aconteceunovale.com.br\/portal\/index.php?rest_route=\/wp\/v2\/types\/post"}],"author":[{"embeddable":true,"href":"https:\/\/aconteceunovale.com.br\/portal\/index.php?rest_route=\/wp\/v2\/users\/1"}],"replies":[{"embeddable":true,"href":"https:\/\/aconteceunovale.com.br\/portal\/index.php?rest_route=%2Fwp%2Fv2%2Fcomments&post=56077"}],"version-history":[{"count":0,"href":"https:\/\/aconteceunovale.com.br\/portal\/index.php?rest_route=\/wp\/v2\/posts\/56077\/revisions"}],"wp:featuredmedia":[{"embeddable":true,"href":"https:\/\/aconteceunovale.com.br\/portal\/index.php?rest_route=\/wp\/v2\/media\/56080"}],"wp:attachment":[{"href":"https:\/\/aconteceunovale.com.br\/portal\/index.php?rest_route=%2Fwp%2Fv2%2Fmedia&parent=56077"}],"wp:term":[{"taxonomy":"category","embeddable":true,"href":"https:\/\/aconteceunovale.com.br\/portal\/index.php?rest_route=%2Fwp%2Fv2%2Fcategories&post=56077"},{"taxonomy":"post_tag","embeddable":true,"href":"https:\/\/aconteceunovale.com.br\/portal\/index.php?rest_route=%2Fwp%2Fv2%2Ftags&post=56077"}],"curies":[{"name":"wp","href":"https:\/\/api.w.org\/{rel}","templated":true}]}}