{"id":55933,"date":"2015-03-27T22:22:49","date_gmt":"2015-03-28T01:22:49","guid":{"rendered":"http:\/\/aconteceunovale.com.br\/portal\/?p=55933"},"modified":"2015-03-27T22:22:49","modified_gmt":"2015-03-28T01:22:49","slug":"itens-de-peixaria-estao-2761-mais-caros-que-em-2014","status":"publish","type":"post","link":"https:\/\/aconteceunovale.com.br\/portal\/?p=55933","title":{"rendered":"Itens de peixaria est\u00e3o 27,61% mais caros que em 2014"},"content":{"rendered":"<h4><strong><em>Procon Assembleia percorreu dez estabelecimentos e comparou os pre\u00e7os de 55 produtos.<\/em><\/strong><\/h4>\n<p>O\u00a0<a title=\"Ir para p\u00e1gina do Procon\" href=\"http:\/\/www.almg.gov.br\/procon\/index.html\">Procon da Assembleia<\/a>\u00a0Legislativa de Minas Gerais (ALMG) pesquisou 55 itens de peixaria em Belo Horizonte e constatou um aumento m\u00e9dio de 27,61% nos pre\u00e7os de peixes, bacalhau e camar\u00e3o, em rela\u00e7\u00e3o aos praticados em mar\u00e7o de 2014. O levantamento foi realizado entre os dias 24 e 26\/3\/15 junto a dez estabelecimentos da Capital. <a href=\"http:\/\/www.almg.gov.br\/procon\/pesquisa_preco\/produtos\/sazonais\/pdfs\/peixes_2015_03.pdf\">Consulte a pesquisa completa (Clique aqui)<\/a>.<\/p>\n<p>Os maiores aumentos foram encontrados nos pre\u00e7os do camar\u00e3o. O tipo cinza grande ficou 86,43% mais caro, enquanto que o cinza m\u00e9dio subiu 84,62% em rela\u00e7\u00e3o ao ano passado. J\u00e1 o tipo rosa pequeno foi o produto cujo pre\u00e7o caiu mais acentuadamente na compara\u00e7\u00e3o com 2014: &#8211; 23,99%.<\/p>\n<p>No caso dos peixes, as altas mais significativas ocorreram no fil\u00e9 de til\u00e1pia (64,06%) e na tra\u00edra inteira congelada (61,23%). A maior parte dos tipos de bacalhau pesquisados, no entanto, ficou mais em conta: o Porto dessalgado baixou 23,45% em rela\u00e7\u00e3o a 2014, enquanto o fil\u00e9 salgado Saithe est\u00e1 custando 21,07% menos. O \u00fanico que apresentou aumento foi o desfiado Saithe, com alta de 37,51%.<\/p>\n<p>O consumidor deve ficar atento porque os pre\u00e7os variam muito entre os estabelecimentos. Isso se deve principalmente ao fato de que, em geral, supermercados vendem peixes congelados, enquanto que nas peixarias os produtos costumam ser frescos. Mesmo assim, foram detectadas diferen\u00e7as de at\u00e9 277,31% para um mesmo produto, como no caso do quilo do fil\u00e9 de minguado fresco. O fil\u00e9 de til\u00e1pia congelado tamb\u00e9m apresentou varia\u00e7\u00e3o significativa: 177,88%.<\/p>\n<p>Por se tratar de um produto rapidamente perec\u00edvel, o Procon Assembleia d\u00e1 algumas dicas para se escolher um peixe em boas condi\u00e7\u00f5es, como observar se a pele, olhos e escamas est\u00e3o brilhantes. Deve-se ficar atento tamb\u00e9m \u00e0 cor, \u00e0 textura e ao pr\u00f3prio cheiro do alimento.<\/p>\n<p><em>(Fonte: Procon da Assembleia Legislativa de Minas Gerais)<\/em><\/p>\n","protected":false},"excerpt":{"rendered":"<p>Procon Assembleia percorreu dez estabelecimentos e comparou os pre\u00e7os de 55 produtos. O\u00a0Procon da Assembleia\u00a0Legislativa de Minas Gerais (ALMG) pesquisou 55 itens de peixaria em Belo Horizonte e constatou um aumento m\u00e9dio de 27,61% nos pre\u00e7os de peixes, bacalhau e camar\u00e3o, em rela\u00e7\u00e3o aos praticados em mar\u00e7o de 2014. O levantamento foi realizado entre os [&hellip;]<\/p>\n","protected":false},"author":1,"featured_media":55934,"comment_status":"open","ping_status":"closed","sticky":false,"template":"","format":"standard","meta":{"amp_status":"","footnotes":""},"categories":[123],"tags":[1018,39421,39427,39426,39422,39424,39425,39423,19752,30881,20108],"class_list":["post-55933","post","type-post","status-publish","format-standard","has-post-thumbnail","hentry","category-gerais","tag-destaque","tag-itens-de-peixaria","tag-itens-de-peixaria-estao-27-mais-caros-que-em-2014","tag-pesquisa-do-procon-em-belo-horizonte","tag-preco-de-peixes","tag-preco-de-peixes-em-belo-horizonte","tag-precos-de-peixaria-em-belo-horizonte","tag-precos-de-produtos-de-peixaria","tag-procon","tag-procon-da-assembleia","tag-procon-da-assembleia-legislativa-de-minas-gerais"],"_links":{"self":[{"href":"https:\/\/aconteceunovale.com.br\/portal\/index.php?rest_route=\/wp\/v2\/posts\/55933","targetHints":{"allow":["GET"]}}],"collection":[{"href":"https:\/\/aconteceunovale.com.br\/portal\/index.php?rest_route=\/wp\/v2\/posts"}],"about":[{"href":"https:\/\/aconteceunovale.com.br\/portal\/index.php?rest_route=\/wp\/v2\/types\/post"}],"author":[{"embeddable":true,"href":"https:\/\/aconteceunovale.com.br\/portal\/index.php?rest_route=\/wp\/v2\/users\/1"}],"replies":[{"embeddable":true,"href":"https:\/\/aconteceunovale.com.br\/portal\/index.php?rest_route=%2Fwp%2Fv2%2Fcomments&post=55933"}],"version-history":[{"count":0,"href":"https:\/\/aconteceunovale.com.br\/portal\/index.php?rest_route=\/wp\/v2\/posts\/55933\/revisions"}],"wp:featuredmedia":[{"embeddable":true,"href":"https:\/\/aconteceunovale.com.br\/portal\/index.php?rest_route=\/wp\/v2\/media\/55934"}],"wp:attachment":[{"href":"https:\/\/aconteceunovale.com.br\/portal\/index.php?rest_route=%2Fwp%2Fv2%2Fmedia&parent=55933"}],"wp:term":[{"taxonomy":"category","embeddable":true,"href":"https:\/\/aconteceunovale.com.br\/portal\/index.php?rest_route=%2Fwp%2Fv2%2Fcategories&post=55933"},{"taxonomy":"post_tag","embeddable":true,"href":"https:\/\/aconteceunovale.com.br\/portal\/index.php?rest_route=%2Fwp%2Fv2%2Ftags&post=55933"}],"curies":[{"name":"wp","href":"https:\/\/api.w.org\/{rel}","templated":true}]}}