{"id":55929,"date":"2015-03-27T22:09:36","date_gmt":"2015-03-28T01:09:36","guid":{"rendered":"http:\/\/aconteceunovale.com.br\/portal\/?p=55929"},"modified":"2015-03-27T22:16:54","modified_gmt":"2015-03-28T01:16:54","slug":"familias-do-norte-e-nordeste-de-minas-serao-beneficiadas-por-recursos-de-medidas-compensatorias","status":"publish","type":"post","link":"https:\/\/aconteceunovale.com.br\/portal\/?p=55929","title":{"rendered":"Fam\u00edlias do Norte e Nordeste de Minas ser\u00e3o beneficiadas com recursos de medidas compensat\u00f3rias"},"content":{"rendered":"<h4><strong><em>Parceria entre o MPMG e o Servas vai levar coberturas a casas de popula\u00e7\u00e3o carente no Norte e Nordeste de Minas<\/em><\/strong><\/h4>\n<p>O Minist\u00e9rio P\u00fablico de Minas Gerais, por meio do Centro de Apoio Operacional das Promotorias de Justi\u00e7a de Defesa do Meio Ambiente (Caoma) e do N\u00facleo de Resolu\u00e7\u00e3o de Conflitos Ambientais (Nucam), vai investir recursos de medidas compensat\u00f3rias aplicadas em sua atua\u00e7\u00e3o institucional em um programa social que visa levar \u00e1gua para munic\u00edpios carentes do Norte e Nordeste de Minas Gerais.<\/p>\n<p>A iniciativa \u00e9 a primeira de um Termo de Coopera\u00e7\u00e3o T\u00e9cnica (TCT) assinado nesta sexta-feira, 27 de mar\u00e7o, entre o MPMG e o Servi\u00e7o Volunt\u00e1rio de Assist\u00eancia Social (Servas) que busca o desenvolvimento conjunto de a\u00e7\u00f5es, programas e projetos, al\u00e9m do interc\u00e2mbio de dados e de informa\u00e7\u00f5es t\u00e9cnicas e cient\u00edficas.<\/p>\n<p><img decoding=\"async\" src=\"http:\/\/aconteceunovale.com.br\/portal\/wp-content\/uploads\/2015\/03\/beneficio_norte_nordeste_minas.jpg\" alt=\"\" \/><br \/>\n<em>Termo de Coopera\u00e7\u00e3o T\u00e9cnica foi assinado nesta sexta-feira &#8211; Foto: Divulga\u00e7\u00e3o\/MPMG<\/em><br \/>\n<\/br><\/p>\n<p>Os recursos beneficiar\u00e3o 100 resid\u00eancias que atualmente contam com coberturas prec\u00e1rias. Elas ser\u00e3o equipadas com estruturas de telhados que permitem a capta\u00e7\u00e3o de \u00e1gua. Essa \u00e9 uma das exig\u00eancias para que a resid\u00eancia possa ser inscrita no programa \u00c1gua para Todos, realizado pelo Governo de Minas com recursos do Governo Federal. A iniciativa prev\u00ea a instala\u00e7\u00e3o de cisternas naquelas regi\u00f5es do Estado.<\/p>\n<p>Para o coordenador do Caoma, promotor de Justi\u00e7a Carlos Eduardo Ferreira Pinto, a\u00e7\u00f5es como essa s\u00e3o importantes tamb\u00e9m por apresentarem uma atua\u00e7\u00e3o menos repressiva e mais provedora do MPMG. \u201c\u00c9 o in\u00edcio de uma parceria que pretendemos que seja longa. Nos traz uma maior aproxima\u00e7\u00e3o com a sociedade produzindo resultados eficazes em regi\u00f5es reconhecidamente carentes\u201d, disse.<\/p>\n<p>A presidente do Servas, Carolina Oliveira, afirmou que projetos consistentes como o realizado em conjunto com o MPMG atestam a credibilidade da nova etapa de administra\u00e7\u00e3o do \u00f3rg\u00e3o e ajudam a atrair outras parcerias. \u201c\u00c9 muito simb\u00f3lico come\u00e7armos por uma regi\u00e3o t\u00e3o carente. N\u00e3o queremos substituir a pol\u00edtica do estado, mas sim complement\u00e1-la aonde ela n\u00e3o conseguiu chegar ainda\u201d, explicou.<\/p>\n<p>Bet\u00e2nia Lemos, vice-presidente do Servas, ressaltou que a popula\u00e7\u00e3o atendida pelo programa \u00e9 justamente aquela mais vulner\u00e1vel, sem condi\u00e7\u00f5es de conseguir uma cobertura estruturada para sua casa.<\/p>\n<p>\u201cAl\u00e9m do telhado, iremos instalar fossas e construir m\u00f3dulos sanit\u00e1rios, algo que a grande maioria tamb\u00e9m n\u00e3o tem. S\u00e3o requisitos b\u00e1sicos de cidadania, coisas bem b\u00e1sicas da vida, mas que eles n\u00e3o sabem simplesmente porque n\u00e3o t\u00eam acesso\u201d, completou Bet\u00e2nia.<\/p>\n<p>Tamb\u00e9m participaram do ato de assinatura do TCT o procurador-geral de Justi\u00e7a, Carlos Andr\u00e9 Mariani Bittencourt, o presidente da comiss\u00e3o de Defesa dos Direitos Fundamentais do Conselho Nacional do Minist\u00e9rio P\u00fablico, Jarbas Soares Junior, e a secret\u00e1ria adjunta da Secretaria de Estado de Desenvolvimento e Integra\u00e7\u00e3o do Norte e Nordeste de Minas Gerais, Juliana Pacheco.<\/p>\n<p><em>(Fonte: Minist\u00e9rio P\u00fablico de Minas Gerais)<\/em><\/p>\n","protected":false},"excerpt":{"rendered":"<p>Parceria entre o MPMG e o Servas vai levar coberturas a casas de popula\u00e7\u00e3o carente no Norte e Nordeste de Minas O Minist\u00e9rio P\u00fablico de Minas Gerais, por meio do Centro de Apoio Operacional das Promotorias de Justi\u00e7a de Defesa do Meio Ambiente (Caoma) e do N\u00facleo de Resolu\u00e7\u00e3o de Conflitos Ambientais (Nucam), vai investir [&hellip;]<\/p>\n","protected":false},"author":1,"featured_media":55930,"comment_status":"open","ping_status":"closed","sticky":false,"template":"","format":"standard","meta":{"amp_status":"","footnotes":""},"categories":[123],"tags":[39413,39403,37337,39410,39412,39402,39396,39397,39420,39399,39417,39419,39405,39404,39401,39416,39411,39415,39406,39409,39398,39395,39400,39418,39408,39407,39414],"class_list":["post-55929","post","type-post","status-publish","format-standard","has-post-thumbnail","hentry","category-gerais","tag-betania-lemos","tag-caoma","tag-carlos-andre-mariani-bittencourt","tag-carlos-eduardo-ferreira-pinto","tag-carolina-oliveira","tag-centro-de-apoio-operacional-das-promotorias-de-justica-de-defesa-do-meio-ambiente","tag-familias-carentes-do-norte-e-nordeste-de-minas-serao-beneficiadas-por-recursos-de-medidas-compensatorias","tag-familias-carentes-do-norte-e-nordeste-de-minas-serao-beneficiadas-por-recursos-de-medidas-compensatorias-ambientais","tag-familias-do-norte-e-nordeste-de-minas-serao-beneficiadas-com-recursos-de-medidas-compensatorias","tag-familias-do-norte-e-nordeste-de-minas-serao-beneficiadas-por-recursos-de-medidas-compensatorias","tag-jarbas-soares-junior","tag-juliana-pacheco","tag-nucam","tag-nucleo-de-resolucao-de-conflitos-ambientais","tag-parceria-entre-o-mpmg-e-o-servas-vai-levar-coberturas-a-casas-de-populacao-carente-no-norte-e-nordeste-de-minas","tag-presidente-da-comissao-de-defesa-dos-direitos-fundamentais-do-conselho-nacional-do-ministerio-publico","tag-presidente-do-servas","tag-procurador-geral-de-justica","tag-programa-social-que-visa-levar-agua-para-municipios-carentes-do-norte-e-nordeste-de-minas-gerais","tag-promotor-de-justica-carlos-eduardo-ferreira-pinto","tag-recursos-de-medidas-compensatorias-ambientais","tag-recursos-de-medidas-compensatorias-ambientais-serao-aplicados-em-programa-social","tag-recursos-de-medidas-compensatorias-ambientais-serao-aplicados-em-programa-social-no-norte-e-nordeste-de-minas","tag-secretaria-adjunta-da-secretaria-de-estado-de-desenvolvimento-e-integracao-do-norte-e-nordeste-de-minas-gerais","tag-servas","tag-servico-voluntario-de-assistencia-social","tag-vice-presidente-do-servas"],"_links":{"self":[{"href":"https:\/\/aconteceunovale.com.br\/portal\/index.php?rest_route=\/wp\/v2\/posts\/55929","targetHints":{"allow":["GET"]}}],"collection":[{"href":"https:\/\/aconteceunovale.com.br\/portal\/index.php?rest_route=\/wp\/v2\/posts"}],"about":[{"href":"https:\/\/aconteceunovale.com.br\/portal\/index.php?rest_route=\/wp\/v2\/types\/post"}],"author":[{"embeddable":true,"href":"https:\/\/aconteceunovale.com.br\/portal\/index.php?rest_route=\/wp\/v2\/users\/1"}],"replies":[{"embeddable":true,"href":"https:\/\/aconteceunovale.com.br\/portal\/index.php?rest_route=%2Fwp%2Fv2%2Fcomments&post=55929"}],"version-history":[{"count":0,"href":"https:\/\/aconteceunovale.com.br\/portal\/index.php?rest_route=\/wp\/v2\/posts\/55929\/revisions"}],"wp:featuredmedia":[{"embeddable":true,"href":"https:\/\/aconteceunovale.com.br\/portal\/index.php?rest_route=\/wp\/v2\/media\/55930"}],"wp:attachment":[{"href":"https:\/\/aconteceunovale.com.br\/portal\/index.php?rest_route=%2Fwp%2Fv2%2Fmedia&parent=55929"}],"wp:term":[{"taxonomy":"category","embeddable":true,"href":"https:\/\/aconteceunovale.com.br\/portal\/index.php?rest_route=%2Fwp%2Fv2%2Fcategories&post=55929"},{"taxonomy":"post_tag","embeddable":true,"href":"https:\/\/aconteceunovale.com.br\/portal\/index.php?rest_route=%2Fwp%2Fv2%2Ftags&post=55929"}],"curies":[{"name":"wp","href":"https:\/\/api.w.org\/{rel}","templated":true}]}}