{"id":55897,"date":"2015-03-27T14:59:25","date_gmt":"2015-03-27T17:59:25","guid":{"rendered":"http:\/\/aconteceunovale.com.br\/portal\/?p=55897"},"modified":"2015-03-27T15:08:01","modified_gmt":"2015-03-27T18:08:01","slug":"iguana-e-encontrada-em-encomenda-dos-correios-em-ipatinga","status":"publish","type":"post","link":"https:\/\/aconteceunovale.com.br\/portal\/?p=55897","title":{"rendered":"Iguana \u00e9 encontrada dentro de encomenda dos Correios em Ipatinga"},"content":{"rendered":"<h4><strong><em>R\u00e9ptil foi enviado de S\u00e3o Paulo para Ipatinga. Homem que receberia a iguana foi preso pela Pol\u00edcia Militar de Meio Ambiente.<\/em><\/strong><\/h4>\n<p>A Pol\u00edcia Ambiental de Ipatinga apreendeu nesta sexta-feira (27\/03) um r\u00e9ptil que estava sendo transportada pelos Correios. De acordo com o tenente \u00c1tila Porto, a iguana saiu de S\u00e3o Paulo na quarta-feira (25), com destino a cidade de Ipatinga, e s\u00f3 foi descoberta nesta sexta pelos funcion\u00e1rios dos Correios do Beth\u00e2nia ao passar pelo aparelho de Raio-X. O tenente relatou que ao perceber que a encomenda se tratava de um animal, a Policia Ambiental foi acionada.<\/p>\n<p>&#8220;Quando chegamos ao local, os funcion\u00e1rios dos Correios disseram que j\u00e1 havia duas pessoas na ag\u00eancia, que se anteciparam para receber a encomenda. Certamente a iguana era pra eles, mas o casal percebeu a movimenta\u00e7\u00e3o e fugiu&#8221;, disse o tenente.<\/p>\n<p><img decoding=\"async\" src=\"http:\/\/aconteceunovale.com.br\/portal\/wp-content\/uploads\/2015\/03\/iguana_ipatinga_1.jpg\" alt=\"\" \/><em>R\u00e9ptil foi enviado de S\u00e3o Paulo para Ipatinga (Foto: Divulga\u00e7\u00e3o \/ Pol\u00edcia Ambiental)<\/em><br \/>\n<\/br><\/p>\n<p>Ainda segundo \u00c1tila Porto, a pol\u00edcia, em seguida, entrou em contato com o destinat\u00e1rio, que foi encontrado no seu local de trabalho. Harlen Mois\u00e9s de Matias Vieira, de 28 anos, foi preso em flagrante e disse que comprou o animal pela internet.<\/p>\n<p>&#8220;Ele disse que n\u00e3o sabia que o r\u00e9ptil seria transportado dessa maneira, em condi\u00e7\u00f5es de maus tratos. Ele afirmou que pagou R$ 200, e teria comprado o animal para criar em casa&#8221;, disse \u00c1tila Porto.<\/p>\n<p>O policial contou tamb\u00e9m que Harlen apresentou o comprovante de pagamento e ainda mostrou para os policiais as conversas que manteve com o vendedor de S\u00e3o Paulo durante as negocia\u00e7\u00f5es.<\/p>\n<p>&#8220;Ele est\u00e1 colaborando, mas isso n\u00e3o o exime dos crimes maus tratos e tr\u00e1fico de animais. Vamos checar o site e tentar identificar o vendedor. Faremos tamb\u00e9m contato com a pol\u00edcia de S\u00e3o Paulo&#8221;, explicou.<\/p>\n<p><img decoding=\"async\" src=\"http:\/\/aconteceunovale.com.br\/portal\/wp-content\/uploads\/2015\/03\/iguana_ipatinga_2.jpg\" alt=\"\" \/><em>R\u00e9ptil foi enviado de S\u00e3o Paulo para Ipatinga (Foto: Divulga\u00e7\u00e3o \/ Pol\u00edcia Ambiental)<\/em><br \/>\n<\/br><\/p>\n<p><strong>Condi\u00e7\u00f5es ruins<\/strong><\/p>\n<p>A iguana, segundo o veterin\u00e1rio L\u00e9lio Costa e Silva, \u00e9 um filhote e tem aproximadamente seis meses de vida. O profissional explica que o animal foi encaminhado ao zool\u00f3gico, de um clube de Ipatinga, em p\u00e9ssimas condi\u00e7\u00f5es, com sintomas de desnutri\u00e7\u00e3o e desidrata\u00e7\u00e3o.<\/p>\n<p>L\u00e9lio conta que o modo que o destinat\u00e1rio embalou a iguana para o transporte foi totalmente fora dos padr\u00f5es, submetendo o animal a situa\u00e7\u00e3o de maus tratos.<\/p>\n<p>&#8220;Ela veio amarrada em quatro sacolas, para permanecer imobilizada. Al\u00e9m dos pl\u00e1sticos, a iguana foi colocada em uma meia, totalmente fechada, impedindo sua respira\u00e7\u00e3o. E ainda foi colocada em uma caixa de sapato. Esse animal poderia ter chegado morto ao seu destino final&#8221;, disse.<\/p>\n<p>O veterin\u00e1rio explica que apesar de ter sido encontrada fraca e com sinais de desnutri\u00e7\u00e3o, a iguana sobreviveu por se tratar de um r\u00e9ptil, que tem como caracter\u00edstica ac\u00famulo de energia para a alto defesa.<\/p>\n<p>&#8220;A iguana, como todo r\u00e9ptil, se movimenta pouco. Sendo assim, ela gasta pouca energia e consegue armazen\u00e1-la para utilizar em casos como este. Quem a embalou pensou nisso, j\u00e1 que ela chegou imobilizada para evitar gastar energia e precisar ser alimenta&#8221;, finalizou.<\/p>\n<p><img decoding=\"async\" src=\"http:\/\/aconteceunovale.com.br\/portal\/wp-content\/uploads\/2015\/03\/iguana_ipatinga_3.jpg\" alt=\"\" \/><em>R\u00e9ptil foi enviado de S\u00e3o Paulo para Ipatinga (Foto: Divulga\u00e7\u00e3o \/ Pol\u00edcia Ambiental)<\/em><br \/>\n<\/br><\/p>\n<p><strong><em>(Fonte: Inter TV dos Vales)<\/em><\/strong><\/p>\n","protected":false},"excerpt":{"rendered":"<p>R\u00e9ptil foi enviado de S\u00e3o Paulo para Ipatinga. Homem que receberia a iguana foi preso pela Pol\u00edcia Militar de Meio Ambiente. A Pol\u00edcia Ambiental de Ipatinga apreendeu nesta sexta-feira (27\/03) um r\u00e9ptil que estava sendo transportada pelos Correios. De acordo com o tenente \u00c1tila Porto, a iguana saiu de S\u00e3o Paulo na quarta-feira (25), com [&hellip;]<\/p>\n","protected":false},"author":1,"featured_media":55898,"comment_status":"open","ping_status":"closed","sticky":false,"template":"","format":"standard","meta":{"amp_status":"","footnotes":""},"categories":[121],"tags":[39350,39351,39348,39349,39354,39353,39352,201],"class_list":["post-55897","post","type-post","status-publish","format-standard","has-post-thumbnail","hentry","category-leste","tag-apreensao-de-iguana-em-ipatinga","tag-apreensao-de-iguana-nos-correios-de-ipatinga","tag-atila-porto","tag-harlen-moises-de-matias-vieira","tag-iguana-e-encontrada-dentro-de-encomenda-dos-correios-em-ipatinga","tag-iguana-e-encontrada-em-encomenda-dos-correios-em-ipatinga","tag-iguana-transportada-pelos-correios-em-ipatinga","tag-ipatinga"],"_links":{"self":[{"href":"https:\/\/aconteceunovale.com.br\/portal\/index.php?rest_route=\/wp\/v2\/posts\/55897","targetHints":{"allow":["GET"]}}],"collection":[{"href":"https:\/\/aconteceunovale.com.br\/portal\/index.php?rest_route=\/wp\/v2\/posts"}],"about":[{"href":"https:\/\/aconteceunovale.com.br\/portal\/index.php?rest_route=\/wp\/v2\/types\/post"}],"author":[{"embeddable":true,"href":"https:\/\/aconteceunovale.com.br\/portal\/index.php?rest_route=\/wp\/v2\/users\/1"}],"replies":[{"embeddable":true,"href":"https:\/\/aconteceunovale.com.br\/portal\/index.php?rest_route=%2Fwp%2Fv2%2Fcomments&post=55897"}],"version-history":[{"count":0,"href":"https:\/\/aconteceunovale.com.br\/portal\/index.php?rest_route=\/wp\/v2\/posts\/55897\/revisions"}],"wp:featuredmedia":[{"embeddable":true,"href":"https:\/\/aconteceunovale.com.br\/portal\/index.php?rest_route=\/wp\/v2\/media\/55898"}],"wp:attachment":[{"href":"https:\/\/aconteceunovale.com.br\/portal\/index.php?rest_route=%2Fwp%2Fv2%2Fmedia&parent=55897"}],"wp:term":[{"taxonomy":"category","embeddable":true,"href":"https:\/\/aconteceunovale.com.br\/portal\/index.php?rest_route=%2Fwp%2Fv2%2Fcategories&post=55897"},{"taxonomy":"post_tag","embeddable":true,"href":"https:\/\/aconteceunovale.com.br\/portal\/index.php?rest_route=%2Fwp%2Fv2%2Ftags&post=55897"}],"curies":[{"name":"wp","href":"https:\/\/api.w.org\/{rel}","templated":true}]}}