{"id":55889,"date":"2015-03-27T10:41:17","date_gmt":"2015-03-27T13:41:17","guid":{"rendered":"http:\/\/aconteceunovale.com.br\/portal\/?p=55889"},"modified":"2015-03-27T10:41:17","modified_gmt":"2015-03-27T13:41:17","slug":"governador-nomeia-nova-diretoria-da-emater-de-minas-gerais","status":"publish","type":"post","link":"https:\/\/aconteceunovale.com.br\/portal\/?p=55889","title":{"rendered":"Governador nomeia nova diretoria da Emater de Minas Gerais"},"content":{"rendered":"<h4><strong><em>Engenheiro Jos\u00e9 Brumano Kalil, que ocupava Superintend\u00eancia na Secretaria de Agricultura, \u00e9 o novo presidente do \u00f3rg\u00e3o<\/em><\/strong><\/h4>\n<p>A Empresa de Assist\u00eancia T\u00e9cnica e Extens\u00e3o Rural do Estado de Minas Gerais (Emater-MG) tem nova diretoria nomeada pelo governador Fernando Pimentel. O presidente \u00e9 Amarildo Jos\u00e9 Brumano Kalil, que ocupava desde 2006 a Superintend\u00eancia de Planejamento, Gest\u00e3o e Finan\u00e7as da Secretaria de Estado de Agricultura, Pecu\u00e1ria e Abastecimento de Minas Gerais (Seapa-MG), onde atuou ainda como coordenador do Projeto IrrigaMinas e na elabora\u00e7\u00e3o da metodologia de Zoneamento Ambiental e Produtivo (ZAP). O novo presidente da Emater-MG tamb\u00e9m foi professor de Hidr\u00e1ulica Agr\u00edcola e Irriga\u00e7\u00e3o e Drenagem na Funda\u00e7\u00e3o Fead Minas, em Belo Horizonte.<\/p>\n<p><img decoding=\"async\" src=\"http:\/\/aconteceunovale.com.br\/portal\/wp-content\/uploads\/2015\/03\/govenador-nomeia-nova-diretoria-da-emater-mg.jpg\" alt=\"\" \/><em>O novo presidente da Emater-MG, Jos\u00e9 Brumano Kalil &#8211; Foto: Alexandre Soares\/Emater-MG<\/em><br \/>\n<\/br><\/p>\n<p>Graduado em Engenharia Agron\u00f4mica e mestre em Engenharia Agr\u00edcola pela Universidade Federal de Vi\u00e7osa, Amarildo Kalil tem 52 anos e \u00e9 natural de S\u00e3o Miguel do Anta, na Zona da Mata. Iniciou sua carreira na Emater-MG como t\u00e9cnico do Escrit\u00f3rio Local de Bom Jesus do Galho, no Leste de Minas. Em seguida, atuou como gerente de Unidade B\u00e1sica da empresa em Mutum, e gerente regional em Ipatinga e Ponte Nova. Ainda na Emater-MG, assumiu o cargo de coordenador t\u00e9cnico estadual, tendo coordenado o Programa Estadual de Conviv\u00eancia com o Semi\u00e1rido, al\u00e9m de participar da equipe do Escrit\u00f3rio de Gerenciamento de Projetos da empresa.<\/p>\n<p>O novo diretor t\u00e9cnico \u00e9 Jo\u00e3o Silveira D\u00b4Angelis Filho, engenheiro agr\u00f4nomo formado pela Universidade Federal do Esp\u00edrito Santo e mestre em Gest\u00e3o em Desenvolvimento Rural e Agricultura Sustent\u00e1vel pela Universidade Cat\u00f3lica de Temuco, no Chile. Em 2014, ele foi assessor da Diretoria de Pol\u00edtica Agr\u00edcola e Informa\u00e7\u00f5es da Companhia Nacional de Abastecimento (Conab), em Bras\u00edlia. Como representante da Conab, integrou a C\u00e2mara Interministerial de Agroecologia e Produ\u00e7\u00e3o Org\u00e2nica.<\/p>\n<p>Anteriormente, Jo\u00e3o D\u00b4Angelis foi gerente de Agroextrativismo e diretor substituto de Extrativismo na Secretaria de Extrativismo e Desenvolvimento Rural do Minist\u00e9rio do Meio Ambiente. De 2002 a 2011, atuou como coordenador t\u00e9cnico do Centro de Agricultura Alternativa do Norte de Minas. \u00c9 representante da Articula\u00e7\u00e3o Mineira de Agroecologia na Articula\u00e7\u00e3o Nacional de Agroecologia, desde 2004. E, desde 2000, integra o Conselho Estadual de Desenvolvimento Rural de Minas Gerais.<\/p>\n<p>Na Diretoria de Promo\u00e7\u00e3o e Articula\u00e7\u00e3o Institucional, assume Fabiano Magella Lucas de Carvalho. Advogado com especializa\u00e7\u00e3o em Direito P\u00fablico, foi vereador de S\u00e3o Gon\u00e7alo do Abaet\u00e9 entre 2001 e 2004 e, por dois mandatos (2005-2008 e 2009-2012), prefeito do munic\u00edpio, no Noroeste de Minas. Fabiano Lucas presidiu o Cons\u00f3rcio dos Munic\u00edpios do Lago de Tr\u00eas Marias(Comlago), nos anos de 2009 e 2010. Foi presidente tamb\u00e9m do Cons\u00f3rcio Intermunicipal de Sa\u00fade do Alto Parana\u00edba (Cisalpe),entre 2009 e 2011. Em 2012, presidiu ainda a Associa\u00e7\u00e3o Microrregional dos Munic\u00edpios do Alto Parana\u00edba (Amapar). Entre maio de 2013 e abril de 2014, Fabiano Lucas exerceu o cargo de assessor especial no Minist\u00e9rio da Agricultura, Pecu\u00e1ria e Abastecimento.<\/p>\n<p>O novo respons\u00e1vel pela Diretoria Administrativa e Financeira da Emater-MG ser\u00e1 anunciado em breve. (Ag\u00eancia Minas)<\/p>\n","protected":false},"excerpt":{"rendered":"<p>Engenheiro Jos\u00e9 Brumano Kalil, que ocupava Superintend\u00eancia na Secretaria de Agricultura, \u00e9 o novo presidente do \u00f3rg\u00e3o A Empresa de Assist\u00eancia T\u00e9cnica e Extens\u00e3o Rural do Estado de Minas Gerais (Emater-MG) tem nova diretoria nomeada pelo governador Fernando Pimentel. O presidente \u00e9 Amarildo Jos\u00e9 Brumano Kalil, que ocupava desde 2006 a Superintend\u00eancia de Planejamento, Gest\u00e3o [&hellip;]<\/p>\n","protected":false},"author":1,"featured_media":55890,"comment_status":"open","ping_status":"closed","sticky":false,"template":"","format":"standard","meta":{"amp_status":"","footnotes":""},"categories":[123],"tags":[25775,28452,39324,39328,12826,39321,39327,39325,39322,39323,39326,8420,1573],"class_list":["post-55889","post","type-post","status-publish","format-standard","has-post-thumbnail","hentry","category-gerais","tag-emater-mg","tag-empresa-de-assistencia-tecnica-e-extensao-rural-do-estado-de-minas-gerais","tag-engenheiro-jose-brumano-kalil","tag-fabiano-magella-lucas-de-carvalho","tag-fernando-pimentel","tag-governador-nomeia-nova-diretoria-da-emater-de-minas-gerais","tag-joao-silveira-dangelis-filho","tag-jose-brumano-kalil","tag-nova-diretoria-da-emater-de-minas-gerais","tag-nova-diretoria-da-emater-mg","tag-novo-presidente-da-emater-mg","tag-sao-goncalo-do-abaete","tag-sao-miguel-do-anta"],"_links":{"self":[{"href":"https:\/\/aconteceunovale.com.br\/portal\/index.php?rest_route=\/wp\/v2\/posts\/55889","targetHints":{"allow":["GET"]}}],"collection":[{"href":"https:\/\/aconteceunovale.com.br\/portal\/index.php?rest_route=\/wp\/v2\/posts"}],"about":[{"href":"https:\/\/aconteceunovale.com.br\/portal\/index.php?rest_route=\/wp\/v2\/types\/post"}],"author":[{"embeddable":true,"href":"https:\/\/aconteceunovale.com.br\/portal\/index.php?rest_route=\/wp\/v2\/users\/1"}],"replies":[{"embeddable":true,"href":"https:\/\/aconteceunovale.com.br\/portal\/index.php?rest_route=%2Fwp%2Fv2%2Fcomments&post=55889"}],"version-history":[{"count":0,"href":"https:\/\/aconteceunovale.com.br\/portal\/index.php?rest_route=\/wp\/v2\/posts\/55889\/revisions"}],"wp:featuredmedia":[{"embeddable":true,"href":"https:\/\/aconteceunovale.com.br\/portal\/index.php?rest_route=\/wp\/v2\/media\/55890"}],"wp:attachment":[{"href":"https:\/\/aconteceunovale.com.br\/portal\/index.php?rest_route=%2Fwp%2Fv2%2Fmedia&parent=55889"}],"wp:term":[{"taxonomy":"category","embeddable":true,"href":"https:\/\/aconteceunovale.com.br\/portal\/index.php?rest_route=%2Fwp%2Fv2%2Fcategories&post=55889"},{"taxonomy":"post_tag","embeddable":true,"href":"https:\/\/aconteceunovale.com.br\/portal\/index.php?rest_route=%2Fwp%2Fv2%2Ftags&post=55889"}],"curies":[{"name":"wp","href":"https:\/\/api.w.org\/{rel}","templated":true}]}}