{"id":55880,"date":"2015-03-27T10:27:12","date_gmt":"2015-03-27T13:27:12","guid":{"rendered":"http:\/\/aconteceunovale.com.br\/portal\/?p=55880"},"modified":"2015-03-27T10:32:04","modified_gmt":"2015-03-27T13:32:04","slug":"reducao-no-numero-de-filhos-por-familia-e-maior-entre-os-20-mais-pobres-do-pais","status":"publish","type":"post","link":"https:\/\/aconteceunovale.com.br\/portal\/?p=55880","title":{"rendered":"Redu\u00e7\u00e3o no n\u00famero de filhos por fam\u00edlia \u00e9 maior entre os 20% mais pobres do pa\u00eds"},"content":{"rendered":"<p>Nos \u00faltimos dez anos, o n\u00famero de filhos por fam\u00edlia no Brasil caiu 10,7%. Entre os 20% mais pobres, a queda registrada no mesmo per\u00edodo foi 15,7%. A maior redu\u00e7\u00e3o foi identificada entre os 20% mais pobres que vivem na Regi\u00e3o Nordeste: 26,4%.<\/p>\n<p>Os n\u00fameros foram divulgados pelo Minist\u00e9rio do Desenvolvimento Social e Combate \u00e0 Fome e t\u00eam como base as edi\u00e7\u00f5es de 2003 a 2013 da Pesquisa Nacional por Amostra de Domic\u00edlios (Pnad), feita pelo Instituto Brasileiro de Geografia e Estat\u00edstica (IBGE).<\/p>\n<p>O levantamento mostra que, em 2003, a m\u00e9dia de filhos por fam\u00edlia no Brasil era 1,78. Em 2013, o n\u00famero passou para 1,59. Entre os 20% mais pobres, as m\u00e9dias registradas foram 2,55 e 2,15, respectivamente. Entre os 20% mais pobres do Nordeste, os n\u00fameros passaram de 2,73 para 2,01.<\/p>\n<p><img decoding=\"async\" src=\"http:\/\/aconteceunovale.com.br\/portal\/wp-content\/uploads\/2015\/03\/numero_filhos_familia_1.jpg\" alt=\"\" \/><em>A dona de casa Ana Cleide Ancelmo da Silva, 35, vi\u00fava, mora com sua m\u00e3e e sete filhos na comunidade Engano, no distrito de Riacho Verde, em Quixad\u00e1 &#8211; Foto: Fernando Fraz\u00e3o\/Ag\u00eancia Brasil<\/em><br \/>\n<\/br><\/p>\n<p>Para a ministra do Desenvolvimento Social e Combate \u00e0 Fome, Tereza Campello, os dados derrubam a tese de que a pol\u00edtica proposta pelo Programa Bolsa Fam\u00edlia estimula as fam\u00edlias mais pobres do pa\u00eds a aumentar o n\u00famero de filhos para receber mais benef\u00edcios.<\/p>\n<p>\u201cMesmo a redu\u00e7\u00e3o no n\u00famero de filhos por fam\u00edlia sendo um fen\u00f4meno bastante consolidado no Brasil, as pessoas continuam falando que o n\u00famero de filhos dos pobres \u00e9 muito grande. De onde vem essa informa\u00e7\u00e3o? N\u00e3o vem de lugar nenhum porque n\u00e3o \u00e9 informa\u00e7\u00e3o, \u00e9 puro preconceito\u201d, disse.<\/p>\n<p>Entre as teses utilizadas pela pasta para explicar a queda est\u00e3o os pr\u00e9-requisitos do programa. \u201cO Bolsa Fam\u00edlia tem garantido que essas mulheres frequentem as unidades b\u00e1sicas de Sa\u00fade. Elas t\u00eam que ir ao m\u00e9dico fazer o pr\u00e9-natal e as crian\u00e7as t\u00eam que ir ao m\u00e9dico at\u00e9 os 6 anos pelo menos uma vez por semestre. A frequ\u00eancia de atendimento leva \u00e0 melhoria do acesso \u00e0 informa\u00e7\u00e3o sobre controle de natalidade e m\u00e9todos contraceptivos\u201d.<\/p>\n<p>A dem\u00f3grafa da Escola Nacional de Ci\u00eancias Estat\u00edsticas do IBGE Suzana Cavenaghi acredita que o melhor indicador para se trabalhar a quest\u00e3o da fecundidade no pa\u00eds deve ser o n\u00famero de filhos por mulher e n\u00e3o por fam\u00edlia, j\u00e1 que, nesse \u00faltimo caso, s\u00e3o identificados apenas os filhos que ainda vivem no mesmo domic\u00edlio que os pais e n\u00e3o os que j\u00e1 sa\u00edram de casa ou os que vivem em outros lares.<\/p>\n<p>Segundo ela, estudos com base no Censo de 2000 a 2010 e que levam em considera\u00e7\u00e3o o n\u00famero de filhos por mulher confirmam o cen\u00e1rio de queda entre a popula\u00e7\u00e3o mais pobre. A hip\u00f3tese mais prov\u00e1vel, segundo ela, \u00e9 que o acesso a m\u00e9todos contraceptivos tenha aumentado nos \u00faltimos anos, al\u00e9m da alta do sal\u00e1rio m\u00ednimo e das melhorias nas condi\u00e7\u00f5es de vida.<\/p>\n<p>\u201cSabemos de casos de mulheres que, com o dinheiro que recebem do Bolsa Fam\u00edlia, compram o anticoncepcional na farm\u00e1cia, porque no posto elas s\u00f3 recebem uma \u00fanica cartela\u201d, disse. \u201c\u00c9 importante que esse tema seja estudado porque, apesar de a fecundidade ter diminu\u00eddo entre os mais pobres, h\u00e1 o problema de acesso e distribui\u00e7\u00e3o de m\u00e9todos contraceptivos nos munic\u00edpios. \u00c9 um problema de pol\u00edtica p\u00fablica que ainda precisa ser resolvido no Brasil\u201d, concluiu.<\/p>\n<p><center><img decoding=\"async\" src=\"http:\/\/aconteceunovale.com.br\/portal\/wp-content\/uploads\/2015\/03\/numero_filhos_familia_21.png\" alt=\"\" \/><img decoding=\"async\" src=\"http:\/\/aconteceunovale.com.br\/portal\/wp-content\/uploads\/2015\/03\/numero_filhos_familia_3.png\" alt=\"\" \/><em>(Fonte: Ag\u00eancia Brasil)<\/em><\/center><\/p>\n","protected":false},"excerpt":{"rendered":"<p>Nos \u00faltimos dez anos, o n\u00famero de filhos por fam\u00edlia no Brasil caiu 10,7%. Entre os 20% mais pobres, a queda registrada no mesmo per\u00edodo foi 15,7%. A maior redu\u00e7\u00e3o foi identificada entre os 20% mais pobres que vivem na Regi\u00e3o Nordeste: 26,4%. Os n\u00fameros foram divulgados pelo Minist\u00e9rio do Desenvolvimento Social e Combate \u00e0 [&hellip;]<\/p>\n","protected":false},"author":1,"featured_media":55881,"comment_status":"open","ping_status":"closed","sticky":false,"template":"","format":"standard","meta":{"amp_status":"","footnotes":""},"categories":[6],"tags":[39320,39317,27139,1062,39312,32987,39313,39309,39311,22029,39318,39315,39319,39310,39308,39316,39314],"class_list":["post-55880","post","type-post","status-publish","format-standard","has-post-thumbnail","hentry","category-br","tag-ana-cleide-ancelmo-da-silva","tag-familia","tag-filhos","tag-ibge","tag-instituto-brasileiro-de-geografia-e-estatistica","tag-ministerio-do-desenvolvimento-social","tag-ministra-do-desenvolvimento-social-e-combate-a-fome","tag-numero-de-filhos-por-familia","tag-pesquisa-nacional-por-amostra-de-domicilios","tag-pnad","tag-pobres","tag-programa-bolsa-familia","tag-quixada","tag-reducao-no-numero-de-filhos-por-familia","tag-reducao-no-numero-de-filhos-por-familia-e-maior-entre-os-20-mais-pobres-do-pais","tag-suzana-cavenaghi","tag-tereza-campello"],"_links":{"self":[{"href":"https:\/\/aconteceunovale.com.br\/portal\/index.php?rest_route=\/wp\/v2\/posts\/55880","targetHints":{"allow":["GET"]}}],"collection":[{"href":"https:\/\/aconteceunovale.com.br\/portal\/index.php?rest_route=\/wp\/v2\/posts"}],"about":[{"href":"https:\/\/aconteceunovale.com.br\/portal\/index.php?rest_route=\/wp\/v2\/types\/post"}],"author":[{"embeddable":true,"href":"https:\/\/aconteceunovale.com.br\/portal\/index.php?rest_route=\/wp\/v2\/users\/1"}],"replies":[{"embeddable":true,"href":"https:\/\/aconteceunovale.com.br\/portal\/index.php?rest_route=%2Fwp%2Fv2%2Fcomments&post=55880"}],"version-history":[{"count":0,"href":"https:\/\/aconteceunovale.com.br\/portal\/index.php?rest_route=\/wp\/v2\/posts\/55880\/revisions"}],"wp:featuredmedia":[{"embeddable":true,"href":"https:\/\/aconteceunovale.com.br\/portal\/index.php?rest_route=\/wp\/v2\/media\/55881"}],"wp:attachment":[{"href":"https:\/\/aconteceunovale.com.br\/portal\/index.php?rest_route=%2Fwp%2Fv2%2Fmedia&parent=55880"}],"wp:term":[{"taxonomy":"category","embeddable":true,"href":"https:\/\/aconteceunovale.com.br\/portal\/index.php?rest_route=%2Fwp%2Fv2%2Fcategories&post=55880"},{"taxonomy":"post_tag","embeddable":true,"href":"https:\/\/aconteceunovale.com.br\/portal\/index.php?rest_route=%2Fwp%2Fv2%2Ftags&post=55880"}],"curies":[{"name":"wp","href":"https:\/\/api.w.org\/{rel}","templated":true}]}}