{"id":55875,"date":"2015-03-27T10:06:47","date_gmt":"2015-03-27T13:06:47","guid":{"rendered":"http:\/\/aconteceunovale.com.br\/portal\/?p=55875"},"modified":"2015-03-27T10:10:09","modified_gmt":"2015-03-27T13:10:09","slug":"duas-pessoas-ficam-feridas-em-acidente-proximo-a-teofilo-otoni","status":"publish","type":"post","link":"https:\/\/aconteceunovale.com.br\/portal\/?p=55875","title":{"rendered":"Duas pessoas ficam feridas em acidente pr\u00f3ximo a Te\u00f3filo Otoni"},"content":{"rendered":"<h4><strong><em>Ve\u00edculo saiu da pista em uma curva e capotou. Um dos ocupantes foi encaminhado para a UPA em estado grave.<\/em><\/strong><\/h4>\n<p>Duas pessoas ficaram feridas em um acidente na manh\u00e3 desta sexta-feira, 27 de mar\u00e7o, na BR-116, entre Itambacuri e Te\u00f3filo Otoni, no Vale do Mucuri. De acordo com a Pol\u00edcia Rodovi\u00e1ria Federal (PRF), o ve\u00edculo Honda Civic, placas HBW-9185, de Te\u00f3filo Otoni (MG), saiu da pista e capotou em uma curva pr\u00f3ximo da comunidade da Jaqueira.<\/p>\n<p>Com o impacto do acidente, Gustavo de Almeida Oliveira ficou gravemente ferido e foi socorrido a Unidade de Pronto Atendimento (UPA), onde permaneceu internado. J\u00e1 o outro ocupante do ve\u00edculo, Ivan Alves Pacheco sofreu apenas ferimentos leves e passa bem.<\/p>\n<p><img decoding=\"async\" src=\"http:\/\/aconteceunovale.com.br\/portal\/wp-content\/uploads\/2015\/03\/acidente_teo_27_03_1.jpg\" alt=\"\" \/><em>Ve\u00edculo saiu da pista em uma curva e capotou &#8211; Foto: Josilei Silva \/ via WhatsApp<\/em><\/p>\n","protected":false},"excerpt":{"rendered":"<p>Ve\u00edculo saiu da pista em uma curva e capotou. Um dos ocupantes foi encaminhado para a UPA em estado grave. Duas pessoas ficaram feridas em um acidente na manh\u00e3 desta sexta-feira, 27 de mar\u00e7o, na BR-116, entre Itambacuri e Te\u00f3filo Otoni, no Vale do Mucuri. De acordo com a Pol\u00edcia Rodovi\u00e1ria Federal (PRF), o ve\u00edculo [&hellip;]<\/p>\n","protected":false},"author":1,"featured_media":55876,"comment_status":"open","ping_status":"closed","sticky":false,"template":"","format":"standard","meta":{"amp_status":"","footnotes":""},"categories":[122],"tags":[39305,2759,39304,39306,39307,164],"class_list":["post-55875","post","type-post","status-publish","format-standard","has-post-thumbnail","hentry","category-mucuri","tag-acidente-na-jaqueira-em-teofilo-otonia","tag-acidente-proximo-a-teofilo-otoni","tag-duas-pessoas-ficam-feridas-em-acidente-proximo-a-teofilo-otoni","tag-gustavo-de-almeida-oliveira","tag-ivan-alves-pacheco","tag-teofilo-otoni"],"_links":{"self":[{"href":"https:\/\/aconteceunovale.com.br\/portal\/index.php?rest_route=\/wp\/v2\/posts\/55875","targetHints":{"allow":["GET"]}}],"collection":[{"href":"https:\/\/aconteceunovale.com.br\/portal\/index.php?rest_route=\/wp\/v2\/posts"}],"about":[{"href":"https:\/\/aconteceunovale.com.br\/portal\/index.php?rest_route=\/wp\/v2\/types\/post"}],"author":[{"embeddable":true,"href":"https:\/\/aconteceunovale.com.br\/portal\/index.php?rest_route=\/wp\/v2\/users\/1"}],"replies":[{"embeddable":true,"href":"https:\/\/aconteceunovale.com.br\/portal\/index.php?rest_route=%2Fwp%2Fv2%2Fcomments&post=55875"}],"version-history":[{"count":0,"href":"https:\/\/aconteceunovale.com.br\/portal\/index.php?rest_route=\/wp\/v2\/posts\/55875\/revisions"}],"wp:featuredmedia":[{"embeddable":true,"href":"https:\/\/aconteceunovale.com.br\/portal\/index.php?rest_route=\/wp\/v2\/media\/55876"}],"wp:attachment":[{"href":"https:\/\/aconteceunovale.com.br\/portal\/index.php?rest_route=%2Fwp%2Fv2%2Fmedia&parent=55875"}],"wp:term":[{"taxonomy":"category","embeddable":true,"href":"https:\/\/aconteceunovale.com.br\/portal\/index.php?rest_route=%2Fwp%2Fv2%2Fcategories&post=55875"},{"taxonomy":"post_tag","embeddable":true,"href":"https:\/\/aconteceunovale.com.br\/portal\/index.php?rest_route=%2Fwp%2Fv2%2Ftags&post=55875"}],"curies":[{"name":"wp","href":"https:\/\/api.w.org\/{rel}","templated":true}]}}