{"id":55873,"date":"2015-03-27T09:36:06","date_gmt":"2015-03-27T12:36:06","guid":{"rendered":"http:\/\/aconteceunovale.com.br\/portal\/?p=55873"},"modified":"2015-03-27T09:36:06","modified_gmt":"2015-03-27T12:36:06","slug":"plantao-do-samu-no-norte-de-minas-gerais-26-de-marco-de-2015","status":"publish","type":"post","link":"https:\/\/aconteceunovale.com.br\/portal\/?p=55873","title":{"rendered":"Plant\u00e3o do Samu no Norte de Minas Gerais &#8211; 26 de mar\u00e7o de 2015"},"content":{"rendered":"<h4><strong><em>Quinta-feira, 26 de mar\u00e7o de 2015<\/em><\/strong><\/h4>\n<p>A unidade do SAMU de Montes Claros realizou na quinta-feira, 26\/03, 40 atendimentos, sendo 32 casos cl\u00ednicos; 6 ocorr\u00eancias de acidente de tr\u00e2nsito envolvendo motocicleta; um adolescente de 13 anos que caiu de uma altura de cerca de 3 metros, e um ferimento por arma de fogo.<\/p>\n<p>\u00c0s 20h50, uma mulher de 45 anos caiu de moto na Avenida Deputado Esteves Rodrigues, regi\u00e3o central de Montes Claros, e bateu com a cabe\u00e7a; \u00e0s 20h20, um homem de 35 anos caiu de moto no bairro Monte Alegre; \u00e0s 18h40, uma mulher de 42 anos caiu de moto na Avenida Deputado Pl\u00ednio Ribeiro; \u00e0s 18h36, uma mulher de 22 anos caiu de moto na Avenida Queluz, bairro Dona Greg\u00f3ria; \u00e0s 16h30, um homem de 31 anos caiu de moto no bairro ibituruna.<\/p>\n<p>\u00c0s 4h40, a unidade do Samu foi acionada para atendimento a um adolescente de 13 anos, que ficou ferido ao cair de uma escada de altura de 3 metros, na Vila Ipiranga. Ele sofreu ferimento na cabe\u00e7a e fratura da cervical.<\/p>\n<p>\u00c0s 2h15, a unidade do Samu foi acionada para atendimento a um adolescente de 14 anos ferido por arma de fogo no bairro Santo In\u00e1cio. Ele foi atingido na regi\u00e3o submandibular, com orif\u00edcio de entrada e sa\u00edda e sangramento ativo, estava consciente e orientado.<\/p>\n<p>Em todas as ocorr\u00eancias os feridos receberam os primeiros atendimentos no local e foram encaminhados ao hospital para avalia\u00e7\u00e3o.<\/p>\n","protected":false},"excerpt":{"rendered":"<p>Quinta-feira, 26 de mar\u00e7o de 2015 A unidade do SAMU de Montes Claros realizou na quinta-feira, 26\/03, 40 atendimentos, sendo 32 casos cl\u00ednicos; 6 ocorr\u00eancias de acidente de tr\u00e2nsito envolvendo motocicleta; um adolescente de 13 anos que caiu de uma altura de cerca de 3 metros, e um ferimento por arma de fogo. \u00c0s 20h50, [&hellip;]<\/p>\n","protected":false},"author":1,"featured_media":46383,"comment_status":"open","ping_status":"closed","sticky":false,"template":"","format":"standard","meta":{"amp_status":"","footnotes":""},"categories":[1236],"tags":[210,24659,24089,18898,18108,39303,18629,21139,4040],"class_list":["post-55873","post","type-post","status-publish","format-standard","has-post-thumbnail","hentry","category-norte_de_minas","tag-montes-claros","tag-plantao-do-samu-de-montes-claros","tag-plantao-do-samu-do-norte-de-minas","tag-plantao-do-samu-macro-norte","tag-plantao-do-samu-no-norte-de-minas-gerais","tag-plantao-do-samu-no-norte-de-minas-gerais-26-de-marco-de-2015","tag-samu-de-montes-claros","tag-samu-do-norte-de-minas","tag-samu-macro-norte"],"_links":{"self":[{"href":"https:\/\/aconteceunovale.com.br\/portal\/index.php?rest_route=\/wp\/v2\/posts\/55873","targetHints":{"allow":["GET"]}}],"collection":[{"href":"https:\/\/aconteceunovale.com.br\/portal\/index.php?rest_route=\/wp\/v2\/posts"}],"about":[{"href":"https:\/\/aconteceunovale.com.br\/portal\/index.php?rest_route=\/wp\/v2\/types\/post"}],"author":[{"embeddable":true,"href":"https:\/\/aconteceunovale.com.br\/portal\/index.php?rest_route=\/wp\/v2\/users\/1"}],"replies":[{"embeddable":true,"href":"https:\/\/aconteceunovale.com.br\/portal\/index.php?rest_route=%2Fwp%2Fv2%2Fcomments&post=55873"}],"version-history":[{"count":0,"href":"https:\/\/aconteceunovale.com.br\/portal\/index.php?rest_route=\/wp\/v2\/posts\/55873\/revisions"}],"wp:featuredmedia":[{"embeddable":true,"href":"https:\/\/aconteceunovale.com.br\/portal\/index.php?rest_route=\/wp\/v2\/media\/46383"}],"wp:attachment":[{"href":"https:\/\/aconteceunovale.com.br\/portal\/index.php?rest_route=%2Fwp%2Fv2%2Fmedia&parent=55873"}],"wp:term":[{"taxonomy":"category","embeddable":true,"href":"https:\/\/aconteceunovale.com.br\/portal\/index.php?rest_route=%2Fwp%2Fv2%2Fcategories&post=55873"},{"taxonomy":"post_tag","embeddable":true,"href":"https:\/\/aconteceunovale.com.br\/portal\/index.php?rest_route=%2Fwp%2Fv2%2Ftags&post=55873"}],"curies":[{"name":"wp","href":"https:\/\/api.w.org\/{rel}","templated":true}]}}