{"id":55871,"date":"2015-03-27T09:31:32","date_gmt":"2015-03-27T12:31:32","guid":{"rendered":"http:\/\/aconteceunovale.com.br\/portal\/?p=55871"},"modified":"2015-03-27T09:31:32","modified_gmt":"2015-03-27T12:31:32","slug":"norma-publicada-pelo-estado-estabelece-criterios-para-definir-situacao-de-escassez-hidrica","status":"publish","type":"post","link":"https:\/\/aconteceunovale.com.br\/portal\/?p=55871","title":{"rendered":"Norma publicada pelo Estado estabelece crit\u00e9rios para definir situa\u00e7\u00e3o de escassez h\u00eddrica"},"content":{"rendered":"<h4><strong><em>A declara\u00e7\u00e3o de escassez \u00e9 pr\u00e9-requisito para que se possam avaliar mecanismos de redu\u00e7\u00e3o de consumo, como rod\u00edzio, racionamento e sobretaxa, se for o caso<\/em><\/strong><\/h4>\n<p>Foi publicada nesta quinta-feira (26\/3), no Di\u00e1rio Oficial do Estado (Minas Gerais), a Delibera\u00e7\u00e3o Normativa (DN) n\u00famero 49, que estabelece as diretrizes e crit\u00e9rios gerais para a defini\u00e7\u00e3o de situa\u00e7\u00e3o cr\u00edtica de escassez h\u00eddrica e de restri\u00e7\u00e3o de uso \u00e1gua em Minas Gerais. Com publica\u00e7\u00e3o, Minas Gerais passa a ser o primeiro estado com uma norma desse tipo.<\/p>\n<p>O an\u00fancio da DN foi feito pelo secret\u00e1rio de Estado de Meio Ambiente e Desenvolvimento Sustent\u00e1vel, S\u00e1vio Souza Cruz, nesta quarta-feira (25\/3), durante evento de celebra\u00e7\u00e3o ao Dia Mundial da \u00c1gua. Conforme explicou o secret\u00e1rio, a publica\u00e7\u00e3o da DN n\u00e3o significa declara\u00e7\u00e3o de situa\u00e7\u00e3o de escassez h\u00eddrica.<\/p>\n<p>\u201cO que foi definido foram os crit\u00e9rios. A partir da publica\u00e7\u00e3o, ser\u00e3o feitas as avalia\u00e7\u00f5es nas regi\u00f5es (por\u00e7\u00f5es hidrogr\u00e1ficas) de Minas Gerais e, se os crit\u00e9rios foram observados, o Instituto Mineiro de Gest\u00e3o das \u00c1guas (Igam) poder\u00e1 declarar a escassez. O prazo m\u00ednimo de avalia\u00e7\u00e3o \u00e9 de sete dias\u201d, informou.<\/p>\n<p>A declara\u00e7\u00e3o de escassez h\u00eddrica \u00e9 pr\u00e9-requisito para que as concession\u00e1rias de abastecimento p\u00fablico, como a Copasa, al\u00e9m da Ag\u00eancia de Regula\u00e7\u00e3o de \u00c1gua e Esgoto (Arsae-MG), possam avaliar mecanismos de redu\u00e7\u00e3o de consumo de \u00e1gua, como rod\u00edzio, racionamento e sobretaxa, se for o caso.<\/p>\n<p><strong>Crit\u00e9rios<\/strong><\/p>\n<p>Segundo a DN, as declara\u00e7\u00f5es de escassez h\u00eddrica emitidas pelo Igam dever\u00e3o considerar crit\u00e9rios m\u00ednimos, como a vaz\u00e3o dos cursos d\u2019\u00e1gua e o estado de armazenamento dos reservat\u00f3rios das por\u00e7\u00f5es hidrogr\u00e1ficas avaliadas.<\/p>\n<p>Uma vez declarada escassez, as restri\u00e7\u00f5es de uso para capta\u00e7\u00f5es de \u00e1gua ocorrer\u00e3o conforme o estado de vaz\u00e3o descrito e se far\u00e1 uma redu\u00e7\u00e3o de 20% do volume di\u00e1rio outorgado para as capta\u00e7\u00f5es de \u00e1gua para a finalidade de consumo humano e abastecimento p\u00fablico ou dessedenta\u00e7\u00e3o animal, redu\u00e7\u00e3o de 30% do volume di\u00e1rio outorgado para as capta\u00e7\u00f5es de \u00e1gua para a finalidade de consumo industrial e redu\u00e7\u00e3o de 25% do volume di\u00e1rio outorgado para as capta\u00e7\u00f5es de \u00e1gua para a finalidade de irriga\u00e7\u00e3o, entre outros. (Ag\u00eancia Minas)<\/p>\n","protected":false},"excerpt":{"rendered":"<p>A declara\u00e7\u00e3o de escassez \u00e9 pr\u00e9-requisito para que se possam avaliar mecanismos de redu\u00e7\u00e3o de consumo, como rod\u00edzio, racionamento e sobretaxa, se for o caso Foi publicada nesta quinta-feira (26\/3), no Di\u00e1rio Oficial do Estado (Minas Gerais), a Delibera\u00e7\u00e3o Normativa (DN) n\u00famero 49, que estabelece as diretrizes e crit\u00e9rios gerais para a defini\u00e7\u00e3o de situa\u00e7\u00e3o [&hellip;]<\/p>\n","protected":false},"author":1,"featured_media":50787,"comment_status":"open","ping_status":"closed","sticky":false,"template":"","format":"standard","meta":{"amp_status":"","footnotes":""},"categories":[123],"tags":[39298,39299,38494,39300,39301,39302,28390,39055],"class_list":["post-55871","post","type-post","status-publish","format-standard","has-post-thumbnail","hentry","category-gerais","tag-deliberacao-normativa","tag-deliberacao-normativa-49","tag-dia-mundial-da-agua","tag-dn-49","tag-estabelece-as-diretrizes-e-criterios-gerais-para-a-definicao-de-situacao-critica-de-escassez-hidrica-e-de-restricao-de-uso-agua-em-minas-gerais","tag-norma-publicada-pelo-estado-estabelece-criterios-para-definir-situacao-de-escassez-hidrica","tag-savio-souza-cruz","tag-secretario-de-estado-de-meio-ambiente-e-desenvolvimento-sustentavel"],"_links":{"self":[{"href":"https:\/\/aconteceunovale.com.br\/portal\/index.php?rest_route=\/wp\/v2\/posts\/55871","targetHints":{"allow":["GET"]}}],"collection":[{"href":"https:\/\/aconteceunovale.com.br\/portal\/index.php?rest_route=\/wp\/v2\/posts"}],"about":[{"href":"https:\/\/aconteceunovale.com.br\/portal\/index.php?rest_route=\/wp\/v2\/types\/post"}],"author":[{"embeddable":true,"href":"https:\/\/aconteceunovale.com.br\/portal\/index.php?rest_route=\/wp\/v2\/users\/1"}],"replies":[{"embeddable":true,"href":"https:\/\/aconteceunovale.com.br\/portal\/index.php?rest_route=%2Fwp%2Fv2%2Fcomments&post=55871"}],"version-history":[{"count":0,"href":"https:\/\/aconteceunovale.com.br\/portal\/index.php?rest_route=\/wp\/v2\/posts\/55871\/revisions"}],"wp:featuredmedia":[{"embeddable":true,"href":"https:\/\/aconteceunovale.com.br\/portal\/index.php?rest_route=\/wp\/v2\/media\/50787"}],"wp:attachment":[{"href":"https:\/\/aconteceunovale.com.br\/portal\/index.php?rest_route=%2Fwp%2Fv2%2Fmedia&parent=55871"}],"wp:term":[{"taxonomy":"category","embeddable":true,"href":"https:\/\/aconteceunovale.com.br\/portal\/index.php?rest_route=%2Fwp%2Fv2%2Fcategories&post=55871"},{"taxonomy":"post_tag","embeddable":true,"href":"https:\/\/aconteceunovale.com.br\/portal\/index.php?rest_route=%2Fwp%2Fv2%2Ftags&post=55871"}],"curies":[{"name":"wp","href":"https:\/\/api.w.org\/{rel}","templated":true}]}}