{"id":55869,"date":"2015-03-27T09:27:14","date_gmt":"2015-03-27T12:27:14","guid":{"rendered":"http:\/\/aconteceunovale.com.br\/portal\/?p=55869"},"modified":"2015-03-27T09:27:14","modified_gmt":"2015-03-27T12:27:14","slug":"previsao-do-tempo-para-minas-gerais-nesta-sexta-feira-27-de-marco","status":"publish","type":"post","link":"https:\/\/aconteceunovale.com.br\/portal\/?p=55869","title":{"rendered":"Previs\u00e3o do tempo para Minas Gerais nesta sexta-feira, 27 de mar\u00e7o"},"content":{"rendered":"<h4><em><strong>Massa de ar seco mant\u00e9m o tempo est\u00e1vel em boa parte do Estado<\/strong><\/em><\/h4>\n<p>Nesta sexta-feira (27\/3), o tempo segue est\u00e1vel em boa parte do Sudeste do Brasil, por causa do predom\u00ednio de uma massa de ar seco. Por\u00e9m, nos estados de S\u00e3o Paulo, e Sul e Oeste de Minas Gerais, a nebulosidade aumenta e ocorrem pancadas de chuva.<\/p>\n<p>Assim, h\u00e1 previs\u00e3o de chuva no Tri\u00e2ngulo Mineiro, Oeste, Sul, Campo das Vertentes e Zona da Mata. No Noroeste, Central Mineira e Metropolitana de Belo Horizonte, o sol aparece pela manh\u00e3 e a partir da tarde a nebulosidade aumenta, e h\u00e1 possibilidade de chuva isolada.<\/p>\n<p>Nas outras regi\u00f5es mineiras, o dia ser\u00e1 de predom\u00ednio de sol. As temperaturas diurnas ficam elevadas no Norte de Minas e a m\u00e1xima deve atingir 35\u00b0C em alguns munic\u00edpios. Os \u00edndices de umidade relativa do ar ficar\u00e3o variando entre 35 a 45% \u00e0 tarde na maior parte do estado.<\/p>\n<p>Em Belo Horizonte, o c\u00e9u fica claro a parcialmente nublado, e a temperatura m\u00ednima registrada foi 18\u00b0C e a m\u00e1xima deve ficar na casa dos 30\u00b0C, com umidade relativa do ar em torno de 40% \u00e0 tarde.<\/p>\n<p>No fim de semana, uma frente fria avan\u00e7ar\u00e1 para a Regi\u00e3o Sudeste do pa\u00eds. Dessa forma, o tempo ficar\u00e1 inst\u00e1vel na maior parte das regi\u00f5es Tri\u00e2ngulo, Oeste, Sul, Campo das Vertentes, Zona da Mata e Metropolitana de Belo Horizonte. Na Central Mineira e no Noroeste do estado, h\u00e1 possibilidade de chuva isolada.<\/p>\n<p>Nas demais regi\u00f5es mineiras, o sol dever\u00e1 predominar no decorrer do per\u00edodo. As temperaturas ficar\u00e3o em ligeiro decl\u00ednio na maior parte do estado, devido \u00e0 alta concentra\u00e7\u00e3o de nuvens. Na capital, as chances de chuva aumentar\u00e3o a partir deste s\u00e1bado, e as temperaturas dever\u00e3o oscilar entre 18 e 29\u00b0C.<\/p>\n","protected":false},"excerpt":{"rendered":"<p>Massa de ar seco mant\u00e9m o tempo est\u00e1vel em boa parte do Estado Nesta sexta-feira (27\/3), o tempo segue est\u00e1vel em boa parte do Sudeste do Brasil, por causa do predom\u00ednio de uma massa de ar seco. Por\u00e9m, nos estados de S\u00e3o Paulo, e Sul e Oeste de Minas Gerais, a nebulosidade aumenta e ocorrem [&hellip;]<\/p>\n","protected":false},"author":1,"featured_media":51728,"comment_status":"open","ping_status":"closed","sticky":false,"template":"","format":"standard","meta":{"amp_status":"","footnotes":""},"categories":[123],"tags":[39296,1956,1839,27976,39297],"class_list":["post-55869","post","type-post","status-publish","format-standard","has-post-thumbnail","hentry","category-gerais","tag-27-de-marco","tag-previsao-do-tempo","tag-previsao-do-tempo-para-minas-gerais","tag-previsao-do-tempo-para-minas-gerais-nesta-sexta-feira","tag-previsao-do-tempo-para-minas-gerais-nesta-sexta-feira-27-de-marco"],"_links":{"self":[{"href":"https:\/\/aconteceunovale.com.br\/portal\/index.php?rest_route=\/wp\/v2\/posts\/55869","targetHints":{"allow":["GET"]}}],"collection":[{"href":"https:\/\/aconteceunovale.com.br\/portal\/index.php?rest_route=\/wp\/v2\/posts"}],"about":[{"href":"https:\/\/aconteceunovale.com.br\/portal\/index.php?rest_route=\/wp\/v2\/types\/post"}],"author":[{"embeddable":true,"href":"https:\/\/aconteceunovale.com.br\/portal\/index.php?rest_route=\/wp\/v2\/users\/1"}],"replies":[{"embeddable":true,"href":"https:\/\/aconteceunovale.com.br\/portal\/index.php?rest_route=%2Fwp%2Fv2%2Fcomments&post=55869"}],"version-history":[{"count":0,"href":"https:\/\/aconteceunovale.com.br\/portal\/index.php?rest_route=\/wp\/v2\/posts\/55869\/revisions"}],"wp:featuredmedia":[{"embeddable":true,"href":"https:\/\/aconteceunovale.com.br\/portal\/index.php?rest_route=\/wp\/v2\/media\/51728"}],"wp:attachment":[{"href":"https:\/\/aconteceunovale.com.br\/portal\/index.php?rest_route=%2Fwp%2Fv2%2Fmedia&parent=55869"}],"wp:term":[{"taxonomy":"category","embeddable":true,"href":"https:\/\/aconteceunovale.com.br\/portal\/index.php?rest_route=%2Fwp%2Fv2%2Fcategories&post=55869"},{"taxonomy":"post_tag","embeddable":true,"href":"https:\/\/aconteceunovale.com.br\/portal\/index.php?rest_route=%2Fwp%2Fv2%2Ftags&post=55869"}],"curies":[{"name":"wp","href":"https:\/\/api.w.org\/{rel}","templated":true}]}}