{"id":55854,"date":"2015-03-26T22:28:51","date_gmt":"2015-03-27T01:28:51","guid":{"rendered":"http:\/\/aconteceunovale.com.br\/portal\/?p=55854"},"modified":"2015-03-26T22:29:33","modified_gmt":"2015-03-27T01:29:33","slug":"numero-de-bovinos-abatidos-em-frigorificos-sob-inspecao-cresce-63-em-minas","status":"publish","type":"post","link":"https:\/\/aconteceunovale.com.br\/portal\/?p=55854","title":{"rendered":"N\u00famero de bovinos abatidos em frigor\u00edficos sob inspe\u00e7\u00e3o cresce 6,3% em Minas"},"content":{"rendered":"<h4><strong><em>Foram abatidos 3,2 milh\u00f5es de cabe\u00e7as no ano passado, n\u00famero superior aos abates realizados em 2013<\/em><\/strong><\/h4>\n<p>O abate de bovinos em Minas em frigor\u00edficos sob inspe\u00e7\u00e3o oficial (municipal, estadual ou federal), no ano passado, foi de 3,2 milh\u00f5es de cabe\u00e7as. O n\u00famero \u00e9 6,3% superior aos abates realizados em 2013 no Estado e representa 9,5% dos abates nacionais no mesmo per\u00edodo. Os dados que tra\u00e7am um retrato da cadeia produtiva da carne mineira foram analisados pela Secretaria de Agricultura, Pecu\u00e1ria e Abastecimento (Seapa).<\/p>\n<p><img decoding=\"async\" src=\"http:\/\/aconteceunovale.com.br\/portal\/wp-content\/uploads\/2015\/03\/numero-de-bovinos-abatidos-em-frigorificos-sob-inspecao-cresce-63-em-minas.jpg\" alt=\"\" \/><em>Principais pa\u00edses e mercados importadores foram Hong Kong , R\u00fassia, Egito, Israel e Chile &#8211; Foto: Seapa<\/em><br \/>\n<\/br><\/p>\n<p>Segundo o assessor t\u00e9cnico da Seapa, Francisco Augusto Lara de Souza, os motivos para esse crescimento foram a reativa\u00e7\u00e3o de unidades de abate, os pre\u00e7os atrativos da arroba e a estiagem prolongada, que levou o pecuarista a vender os animais em fun\u00e7\u00e3o do baixo desenvolvimento das pastagens, que prejudicou alguns sistemas de cria\u00e7\u00e3o a pasto.<\/p>\n<p>A composi\u00e7\u00e3o dos animais abatidos \u00e9 de bovinos (49%), vacas (34%), novilhos (9,6%) e novilhas (7,3%). O crescimento no peso total de carca\u00e7as foi de 4,8%, totalizando 741 mil toneladas. O assessor Francisco Lara ressalta que, no ano passado, o abate de vacas foi de 1,1 milh\u00e3o de cabe\u00e7as (+14,9%); 237 mil novilhas (+12,2%); 1,6 milh\u00e3o de bois (+3,9%) e 310 mil novilhos (-10,5%).<\/p>\n<p>\u201cEsse aumento no abate de vacas \u00e9 uma preocupa\u00e7\u00e3o para o setor, uma vez que os pre\u00e7os do bezerro registram crescimento e h\u00e1 pouca oferta no mercado desses animais\u201d, explica. Para se ter uma ideia da valoriza\u00e7\u00e3o do pre\u00e7o do bezerro, em 2013, o valor m\u00e9dio pago pelos pecuaristas para recria era de R$ 787,40. J\u00e1 no ano passado, os valores m\u00e9dios pagos foram de R$ 1.040,20.<\/p>\n<p><strong>Exporta\u00e7\u00f5es<\/strong><\/p>\n<p>Os valores obtidos com as vendas externas da carne mineira, em 2014, registraram crescimento de 3,62%, atingindo US$ 446,2 milh\u00f5es. Os principais pa\u00edses e mercados importadores foram Hong Kong (29,8%), R\u00fassia (10,7%), Egito (8,4%), Israel (5,6%) e Chile.<\/p>\n<p><strong>Cr\u00e9dito Rural<\/strong><\/p>\n<p>O volume de recursos disponibilizado pelo Banco do Brasil para a pecu\u00e1ria bovina de corte alcan\u00e7ou R$ 1,1 bilh\u00e3o, por meio de 12,8 mil contratos. Os dados apontam evolu\u00e7\u00e3o de 10% em rela\u00e7\u00e3o aos recursos contratados em 2013. Desse montante 54,3% foram destinados para custeio, 43,5% para investimento, 1,5% para comercializa\u00e7\u00e3o e 0,7% para outras aplica\u00e7\u00f5es. (Ag\u00eancia Minas)<\/p>\n","protected":false},"excerpt":{"rendered":"<p>Foram abatidos 3,2 milh\u00f5es de cabe\u00e7as no ano passado, n\u00famero superior aos abates realizados em 2013 O abate de bovinos em Minas em frigor\u00edficos sob inspe\u00e7\u00e3o oficial (municipal, estadual ou federal), no ano passado, foi de 3,2 milh\u00f5es de cabe\u00e7as. O n\u00famero \u00e9 6,3% superior aos abates realizados em 2013 no Estado e representa 9,5% [&hellip;]<\/p>\n","protected":false},"author":1,"featured_media":55855,"comment_status":"open","ping_status":"closed","sticky":false,"template":"","format":"standard","meta":{"amp_status":"","footnotes":""},"categories":[123],"tags":[39278,39279,39280,39281,39277],"class_list":["post-55854","post","type-post","status-publish","format-standard","has-post-thumbnail","hentry","category-gerais","tag-abate-de-bovinos-em-minas-em-frigorificos-sob-inspecao-oficial","tag-abate-de-bovinos-em-minas-gerais","tag-assessor-tecnico-da-seapa","tag-francisco-augusto-lara-de-souza","tag-numero-de-bovinos-abatidos-em-frigorificos-sob-inspecao-cresce-6-3-em-minas"],"_links":{"self":[{"href":"https:\/\/aconteceunovale.com.br\/portal\/index.php?rest_route=\/wp\/v2\/posts\/55854","targetHints":{"allow":["GET"]}}],"collection":[{"href":"https:\/\/aconteceunovale.com.br\/portal\/index.php?rest_route=\/wp\/v2\/posts"}],"about":[{"href":"https:\/\/aconteceunovale.com.br\/portal\/index.php?rest_route=\/wp\/v2\/types\/post"}],"author":[{"embeddable":true,"href":"https:\/\/aconteceunovale.com.br\/portal\/index.php?rest_route=\/wp\/v2\/users\/1"}],"replies":[{"embeddable":true,"href":"https:\/\/aconteceunovale.com.br\/portal\/index.php?rest_route=%2Fwp%2Fv2%2Fcomments&post=55854"}],"version-history":[{"count":0,"href":"https:\/\/aconteceunovale.com.br\/portal\/index.php?rest_route=\/wp\/v2\/posts\/55854\/revisions"}],"wp:featuredmedia":[{"embeddable":true,"href":"https:\/\/aconteceunovale.com.br\/portal\/index.php?rest_route=\/wp\/v2\/media\/55855"}],"wp:attachment":[{"href":"https:\/\/aconteceunovale.com.br\/portal\/index.php?rest_route=%2Fwp%2Fv2%2Fmedia&parent=55854"}],"wp:term":[{"taxonomy":"category","embeddable":true,"href":"https:\/\/aconteceunovale.com.br\/portal\/index.php?rest_route=%2Fwp%2Fv2%2Fcategories&post=55854"},{"taxonomy":"post_tag","embeddable":true,"href":"https:\/\/aconteceunovale.com.br\/portal\/index.php?rest_route=%2Fwp%2Fv2%2Ftags&post=55854"}],"curies":[{"name":"wp","href":"https:\/\/api.w.org\/{rel}","templated":true}]}}