{"id":55851,"date":"2015-03-26T22:23:21","date_gmt":"2015-03-27T01:23:21","guid":{"rendered":"http:\/\/aconteceunovale.com.br\/portal\/?p=55851"},"modified":"2015-03-26T22:23:21","modified_gmt":"2015-03-27T01:23:21","slug":"prefeituras-tem-ate-agosto-para-realizar-conferencias-municipais-de-assistencia-social","status":"publish","type":"post","link":"https:\/\/aconteceunovale.com.br\/portal\/?p=55851","title":{"rendered":"Prefeituras t\u00eam at\u00e9 agosto para realizar confer\u00eancias municipais de assist\u00eancia social"},"content":{"rendered":"<h4><strong><em>Delegados eleitos pelos munic\u00edpios participar\u00e3o da 11\u00aa Confer\u00eancia Estadual de Assist\u00eancia Social que acontece em outubro<\/em><\/strong><\/h4>\n<p>Os munic\u00edpios mineiros que desejarem participar da 11\u00aa Confer\u00eancia Estadual de Assist\u00eancia Social t\u00eam at\u00e9 o dia 10 de agosto para realizar as confer\u00eancias municipais. Nelas ser\u00e3o eleitos os delegados que v\u00e3o participar do encontro estadual e por isso \u00e9\u00a0 pr\u00e9-requisito para garantir a presen\u00e7a no evento do evento.<\/p>\n<p>A 11\u00aa Confer\u00eancia Estadual de Assist\u00eancia Social \u00e9 organizada pela\u00a0<a href=\"http:\/\/www.social.mg.gov.br\/\">Secretaria de Estado de Trabalho e Desenvolvimento Social<\/a>\u00a0(Sedese) e pelo Conselho Estadual de Assist\u00eancia Social (Ceas). Este ano, ela acontece em outubro e o tema ser\u00e1 \u201cConsolidar o SUAS de vez rumo a 2026\u201d. Os participantes ser\u00e3o envolvidos, prioritariamente, na seguinte discuss\u00e3o: \u201cPacto Republicano no SUAS rumo a 2026 \u2013 O SUAS que temos o SUAS que queremos\u201d.<\/p>\n<p>Os delegados eleitos no evento estadual participar\u00e3o da X Confer\u00eancia Nacional de Assist\u00eancia Social, que acontecer\u00e1 nos dias 7 a 10 de dezembro, em Bras\u00edlia.<\/p>\n<p>O Conselho Nacional de Assist\u00eancia Social \u2013 CNAS \u00e9 respons\u00e1vel por coordenar o processo de confer\u00eancias de assist\u00eancia social e orientar os Conselhos Municipais, Estaduais e do DF sobre a condu\u00e7\u00e3o de suas confer\u00eancias.<\/p>\n<p>Os principais objetivos das confer\u00eancias \u00e9 avaliar a pol\u00edtica de assist\u00eancia social e elaborar propostas para o aperfei\u00e7oamento do sistema em cada esfera do governo.<\/p>\n<p>As prefeituras podem buscar outras informa\u00e7\u00f5es no site da Sedese:\u00a0<a href=\"http:\/\/www.social.mg.gov.br\/\">http:\/\/www.social.mg.gov.br<\/a>.<\/p>\n","protected":false},"excerpt":{"rendered":"<p>Delegados eleitos pelos munic\u00edpios participar\u00e3o da 11\u00aa Confer\u00eancia Estadual de Assist\u00eancia Social que acontece em outubro Os munic\u00edpios mineiros que desejarem participar da 11\u00aa Confer\u00eancia Estadual de Assist\u00eancia Social t\u00eam at\u00e9 o dia 10 de agosto para realizar as confer\u00eancias municipais. Nelas ser\u00e3o eleitos os delegados que v\u00e3o participar do encontro estadual e por isso [&hellip;]<\/p>\n","protected":false},"author":1,"featured_media":55852,"comment_status":"open","ping_status":"closed","sticky":false,"template":"","format":"standard","meta":{"amp_status":"","footnotes":""},"categories":[123],"tags":[39276,5462,39274,39273,39275,39272],"class_list":["post-55851","post","type-post","status-publish","format-standard","has-post-thumbnail","hentry","category-gerais","tag-11a-conferencia-estadual-de-assistencia-social","tag-assistencia-social","tag-conferencia-municipal-de-assistencia-social","tag-conferencias-municipais-de-assistencia-social","tag-delegados-eleitos-pelos-municipios-participarao-da-11a-conferencia-estadual-de-assistencia-social-que-acontece-em-outubro","tag-prefeituras-tem-ate-agosto-para-realizar-conferencias-municipais-de-assistencia-social"],"_links":{"self":[{"href":"https:\/\/aconteceunovale.com.br\/portal\/index.php?rest_route=\/wp\/v2\/posts\/55851","targetHints":{"allow":["GET"]}}],"collection":[{"href":"https:\/\/aconteceunovale.com.br\/portal\/index.php?rest_route=\/wp\/v2\/posts"}],"about":[{"href":"https:\/\/aconteceunovale.com.br\/portal\/index.php?rest_route=\/wp\/v2\/types\/post"}],"author":[{"embeddable":true,"href":"https:\/\/aconteceunovale.com.br\/portal\/index.php?rest_route=\/wp\/v2\/users\/1"}],"replies":[{"embeddable":true,"href":"https:\/\/aconteceunovale.com.br\/portal\/index.php?rest_route=%2Fwp%2Fv2%2Fcomments&post=55851"}],"version-history":[{"count":0,"href":"https:\/\/aconteceunovale.com.br\/portal\/index.php?rest_route=\/wp\/v2\/posts\/55851\/revisions"}],"wp:featuredmedia":[{"embeddable":true,"href":"https:\/\/aconteceunovale.com.br\/portal\/index.php?rest_route=\/wp\/v2\/media\/55852"}],"wp:attachment":[{"href":"https:\/\/aconteceunovale.com.br\/portal\/index.php?rest_route=%2Fwp%2Fv2%2Fmedia&parent=55851"}],"wp:term":[{"taxonomy":"category","embeddable":true,"href":"https:\/\/aconteceunovale.com.br\/portal\/index.php?rest_route=%2Fwp%2Fv2%2Fcategories&post=55851"},{"taxonomy":"post_tag","embeddable":true,"href":"https:\/\/aconteceunovale.com.br\/portal\/index.php?rest_route=%2Fwp%2Fv2%2Ftags&post=55851"}],"curies":[{"name":"wp","href":"https:\/\/api.w.org\/{rel}","templated":true}]}}