{"id":55844,"date":"2015-03-26T21:39:06","date_gmt":"2015-03-27T00:39:06","guid":{"rendered":"http:\/\/aconteceunovale.com.br\/portal\/?p=55844"},"modified":"2015-03-26T21:39:06","modified_gmt":"2015-03-27T00:39:06","slug":"policia-civil-apreende-40-quilos-de-maconha-em-uba","status":"publish","type":"post","link":"https:\/\/aconteceunovale.com.br\/portal\/?p=55844","title":{"rendered":"Pol\u00edcia Civil apreende 40 quilos de maconha em Ub\u00e1"},"content":{"rendered":"<h4><strong><em>Chefe do tr\u00e1fico morto em 2014 foi substitu\u00eddo por parentes, que est\u00e3o presas<\/em><\/strong><\/h4>\n<p>Policiais civis desmontaram uma quadrilha de traficantes e apreenderam 40 kg de maconha em Ub\u00e1, na Zona da Mata mineira. O material foi apresentado nesta quinta-feira (26\/03) na Delegacia Antidrogas da cidade, como resultado da Opera\u00e7\u00e3o &#8220;4:20&#8221;.<\/p>\n<p>A droga, que j\u00e1 estava embalada e pronta para ser distribu\u00edda em tabletes de 1kg, foi apreendida na quarta-feira (25) na casa de Nayara Aparecida Baldez Assump\u00e7\u00e3o. Ela est\u00e1 foragida.<\/p>\n<p>Os investigadores chegaram ao material ap\u00f3s meses de investiga\u00e7\u00e3o e da descoberta do chefe do tr\u00e1fico. Jos\u00e9 Fernandes de Faria, o &#8220;Fernando da Nata&#8221;, comandava a venda de entorpecentes nos bairros Peluso, Caxang\u00e1 e Talma. Ele foi assassinado no dia 26 de dezembro de 2014. Tr\u00eas meses depois, a pol\u00edcia prendeu Julia Faria e Ivanir Faria, filha e irm\u00e3 de Fernando, respectivamente.<\/p>\n<p>Em janeiro, os policiais lan\u00e7aram a opera\u00e7\u00e3o &#8220;Cavalo Doido&#8221;, que terminou com a pris\u00e3o de tr\u00eas pessoas, a apreens\u00e3o de dois jovens e a apreens\u00e3o de drogas.<\/p>\n<p><img decoding=\"async\" src=\"http:\/\/aconteceunovale.com.br\/portal\/wp-content\/uploads\/2015\/03\/apreensao_maconha_uba.jpeg\" alt=\"\" \/><em>Dona da casa onde droga foi encontrada \u00e9 procurada pela pol\u00edcia &#8211; Foto: Pol\u00edcia Civil \/ Divulga\u00e7\u00e3o<\/em><br \/>\n<\/br><\/p>\n<p><strong><em>(Fonte: Portal R7)<\/em><\/strong><\/p>\n","protected":false},"excerpt":{"rendered":"<p>Chefe do tr\u00e1fico morto em 2014 foi substitu\u00eddo por parentes, que est\u00e3o presas Policiais civis desmontaram uma quadrilha de traficantes e apreenderam 40 kg de maconha em Ub\u00e1, na Zona da Mata mineira. O material foi apresentado nesta quinta-feira (26\/03) na Delegacia Antidrogas da cidade, como resultado da Opera\u00e7\u00e3o &#8220;4:20&#8221;. A droga, que j\u00e1 estava [&hellip;]<\/p>\n","protected":false},"author":1,"featured_media":55845,"comment_status":"open","ping_status":"closed","sticky":false,"template":"","format":"standard","meta":{"amp_status":"","footnotes":""},"categories":[123],"tags":[39261,39258,39260,27995,39259,39257,39255,39256,39254,219],"class_list":["post-55844","post","type-post","status-publish","format-standard","has-post-thumbnail","hentry","category-gerais","tag-cavalo-doido","tag-fernando-da-nata","tag-ivanir-faria","tag-jose-fernandes-de-faria","tag-julia-faria","tag-nayara-aparecida-baldez-assumpcao","tag-operacao-420","tag-operacao-420-em-uba","tag-policia-civil-apreende-40-quilos-de-maconha-em-uba","tag-uba"],"_links":{"self":[{"href":"https:\/\/aconteceunovale.com.br\/portal\/index.php?rest_route=\/wp\/v2\/posts\/55844","targetHints":{"allow":["GET"]}}],"collection":[{"href":"https:\/\/aconteceunovale.com.br\/portal\/index.php?rest_route=\/wp\/v2\/posts"}],"about":[{"href":"https:\/\/aconteceunovale.com.br\/portal\/index.php?rest_route=\/wp\/v2\/types\/post"}],"author":[{"embeddable":true,"href":"https:\/\/aconteceunovale.com.br\/portal\/index.php?rest_route=\/wp\/v2\/users\/1"}],"replies":[{"embeddable":true,"href":"https:\/\/aconteceunovale.com.br\/portal\/index.php?rest_route=%2Fwp%2Fv2%2Fcomments&post=55844"}],"version-history":[{"count":0,"href":"https:\/\/aconteceunovale.com.br\/portal\/index.php?rest_route=\/wp\/v2\/posts\/55844\/revisions"}],"wp:featuredmedia":[{"embeddable":true,"href":"https:\/\/aconteceunovale.com.br\/portal\/index.php?rest_route=\/wp\/v2\/media\/55845"}],"wp:attachment":[{"href":"https:\/\/aconteceunovale.com.br\/portal\/index.php?rest_route=%2Fwp%2Fv2%2Fmedia&parent=55844"}],"wp:term":[{"taxonomy":"category","embeddable":true,"href":"https:\/\/aconteceunovale.com.br\/portal\/index.php?rest_route=%2Fwp%2Fv2%2Fcategories&post=55844"},{"taxonomy":"post_tag","embeddable":true,"href":"https:\/\/aconteceunovale.com.br\/portal\/index.php?rest_route=%2Fwp%2Fv2%2Ftags&post=55844"}],"curies":[{"name":"wp","href":"https:\/\/api.w.org\/{rel}","templated":true}]}}