{"id":55835,"date":"2015-03-26T21:10:46","date_gmt":"2015-03-27T00:10:46","guid":{"rendered":"http:\/\/aconteceunovale.com.br\/portal\/?p=55835"},"modified":"2015-03-26T21:10:46","modified_gmt":"2015-03-27T00:10:46","slug":"mec-prorroga-prazos-para-envio-dos-dados-do-censo-da-educacao-superior","status":"publish","type":"post","link":"https:\/\/aconteceunovale.com.br\/portal\/?p=55835","title":{"rendered":"MEC prorroga prazos para envio dos dados do Censo da Educa\u00e7\u00e3o Superior"},"content":{"rendered":"<p>O Minist\u00e9rio da Educa\u00e7\u00e3o prorrogou os prazos para as universidades federais enviarem os dados relativos ao Censo da Educa\u00e7\u00e3o Superior 2014. Agora, as informa\u00e7\u00f5es consolidadas que refletem a situa\u00e7\u00e3o das universidades federais em todo o pa\u00eds devem ser apresentadas at\u00e9 29 de maio. A altera\u00e7\u00e3o foi publicada no\u00a0<em><a href=\"http:\/\/pesquisa.in.gov.br\/imprensa\/jsp\/visualiza\/index.jsp?jornal=1&amp;pagina=24&amp;data=26\/03\/2015\" target=\"_blank\">Di\u00e1rio Oficial da Uni\u00e3o<\/a><\/em>\u00a0de hoje (26\/03).\u00a0Prevista para se encerrar amanh\u00e3 (27) a coleta de dados foi estendida at\u00e9 10 de abril.<\/p>\n<p>Da coleta at\u00e9 a autentica\u00e7\u00e3o, quando passa a valer como estat\u00edstica oficial, o trabalho \u00e9 divido em cinco etapas: abertura do Sistema do Censo da Educa\u00e7\u00e3o Superior na internet; per\u00edodo de coleta de dados, feita pela digita\u00e7\u00e3o nos question\u00e1rios\u00a0<em>online<\/em>; verifica\u00e7\u00e3o da consist\u00eancia das informa\u00e7\u00f5es; confer\u00eancia, ajustes e a valida\u00e7\u00e3o dos dados pelas universidades federais e o per\u00edodo de homologa\u00e7\u00e3o das informa\u00e7\u00f5es como estat\u00edstica oficial.<\/p>\n<p>A fase de abertura est\u00e1 em vigor desde 9 de fevereiro. A etapa de coleta se estende at\u00e9 o dia 10 de abril. A verifica\u00e7\u00e3o de consist\u00eancia dos dados passa a valer do dia 13 de abril ao dia 17 do mesmo m\u00eas. Para a confer\u00eancia dos dados, os dias v\u00e3o de 20 de abril a 15 de maio. Os dados consolidados devem ser homologados at\u00e9 29 de maio.<\/p>\n<p>As institui\u00e7\u00f5es podem acessar o sistema pela p\u00e1gina do\u00a0<a href=\"http:\/\/sistemascensosuperior.inep.gov.br\/censosuperior_2014\/\" target=\"_blank\">Instituto Nacional de Estudos e Pesquisas Educacionais An\u00edsio Teixeira (Inep) &#8211; www.sistemascensosuperior.inep.gov.br\/censosuperior_2014<\/a>. (Ag\u00eancia Brasil)<\/p>\n","protected":false},"excerpt":{"rendered":"<p>O Minist\u00e9rio da Educa\u00e7\u00e3o prorrogou os prazos para as universidades federais enviarem os dados relativos ao Censo da Educa\u00e7\u00e3o Superior 2014. Agora, as informa\u00e7\u00f5es consolidadas que refletem a situa\u00e7\u00e3o das universidades federais em todo o pa\u00eds devem ser apresentadas at\u00e9 29 de maio. A altera\u00e7\u00e3o foi publicada no\u00a0Di\u00e1rio Oficial da Uni\u00e3o\u00a0de hoje (26\/03).\u00a0Prevista para se [&hellip;]<\/p>\n","protected":false},"author":1,"featured_media":52234,"comment_status":"open","ping_status":"closed","sticky":false,"template":"","format":"standard","meta":{"amp_status":"","footnotes":""},"categories":[6],"tags":[39239,39240,39241,39238,22390,24872,39242],"class_list":["post-55835","post","type-post","status-publish","format-standard","has-post-thumbnail","hentry","category-br","tag-censo-da-educacao-superior","tag-censo-da-educacao-superior-2014","tag-dados","tag-mec-prorroga-prazos-para-envio-dos-dados-do-censo-da-educacao-superior","tag-ministerio-da-educacao","tag-prorrogacao","tag-universidades-federais"],"_links":{"self":[{"href":"https:\/\/aconteceunovale.com.br\/portal\/index.php?rest_route=\/wp\/v2\/posts\/55835","targetHints":{"allow":["GET"]}}],"collection":[{"href":"https:\/\/aconteceunovale.com.br\/portal\/index.php?rest_route=\/wp\/v2\/posts"}],"about":[{"href":"https:\/\/aconteceunovale.com.br\/portal\/index.php?rest_route=\/wp\/v2\/types\/post"}],"author":[{"embeddable":true,"href":"https:\/\/aconteceunovale.com.br\/portal\/index.php?rest_route=\/wp\/v2\/users\/1"}],"replies":[{"embeddable":true,"href":"https:\/\/aconteceunovale.com.br\/portal\/index.php?rest_route=%2Fwp%2Fv2%2Fcomments&post=55835"}],"version-history":[{"count":0,"href":"https:\/\/aconteceunovale.com.br\/portal\/index.php?rest_route=\/wp\/v2\/posts\/55835\/revisions"}],"wp:featuredmedia":[{"embeddable":true,"href":"https:\/\/aconteceunovale.com.br\/portal\/index.php?rest_route=\/wp\/v2\/media\/52234"}],"wp:attachment":[{"href":"https:\/\/aconteceunovale.com.br\/portal\/index.php?rest_route=%2Fwp%2Fv2%2Fmedia&parent=55835"}],"wp:term":[{"taxonomy":"category","embeddable":true,"href":"https:\/\/aconteceunovale.com.br\/portal\/index.php?rest_route=%2Fwp%2Fv2%2Fcategories&post=55835"},{"taxonomy":"post_tag","embeddable":true,"href":"https:\/\/aconteceunovale.com.br\/portal\/index.php?rest_route=%2Fwp%2Fv2%2Ftags&post=55835"}],"curies":[{"name":"wp","href":"https:\/\/api.w.org\/{rel}","templated":true}]}}