{"id":55829,"date":"2015-03-26T20:47:49","date_gmt":"2015-03-26T23:47:49","guid":{"rendered":"http:\/\/aconteceunovale.com.br\/portal\/?p=55829"},"modified":"2015-03-26T21:05:45","modified_gmt":"2015-03-27T00:05:45","slug":"estudante-da-ufv-que-estava-desaparecida-e-encontrada-pela-policia-militar","status":"publish","type":"post","link":"https:\/\/aconteceunovale.com.br\/portal\/?p=55829","title":{"rendered":"Estudante da UFV que estava desaparecida \u00e9 encontrada pela Pol\u00edcia Militar"},"content":{"rendered":"<h4><strong><em>Universit\u00e1ria de 21 anos saiu da rep\u00fablica onde mora em Vi\u00e7osa e n\u00e3o retornou. Ela foi encontrada em Lima Duarte, na mesma regi\u00e3o.<\/em><\/strong><\/h4>\n<p>A universit\u00e1ria Melina Nascimento Fran\u00e7a, que havia desaparecido no in\u00edcio da semana em Vi\u00e7osa, na Zona da Mata, foi encontrada pela Pol\u00edcia Militar (PM), na tarde desta quinta-feira (26\/03). A jovem, de 21 anos, estudante de veterin\u00e1ria da Universidade Federal de Vi\u00e7osa (UFV), estava na cidade de Lima Duarte, na mesma regi\u00e3o.<\/p>\n<p>Segundo a PC, uma colega da rep\u00fablica da mulher notou o sumi\u00e7o na noite de segunda-feira (23). Uma carta foi encontrada no im\u00f3vel em tom de despedida, no qual Milena mostrou decep\u00e7\u00e3o com os estudos e com um rapaz. A garota ainda citou nomes de familiares, amigos e escreveu com letras garrafais: \u201cquero doar meus \u00f3rg\u00e3os e ser cremada\u201d.<\/p>\n<p>A primeira informa\u00e7\u00e3o que a pol\u00edcia recebeu foi a de que Melina teria passado pela cidade de Rio Pomba. Posteriormente, ela teria ido para Concei\u00e7\u00e3o de Ibitipoca, onde teria passado a noite acampada. Nesta localidade, uma testemunha relatou \u00e0 pol\u00edcia que viu uma garota com caracter\u00edsticas semelhantes a de Melina na manh\u00e3 desta quinta. A partir das pistas, foi feito rastreamento na regi\u00e3o e a PM achou a jovem horas depois.<\/p>\n<p>O delegado Edvin Otto Filho, que coordena as investiga\u00e7\u00f5es sobre o caso, acredita que a mulher teria resolvido andar sozinha por conta pr\u00f3pria. A hip\u00f3tese \u00e9 sustentada tendo em vista de que ainda que n\u00e3o h\u00e1 confirma\u00e7\u00e3o que a jovem teria sido coagida a fugir, sofrido algum tipo de viol\u00eancia ou sa\u00eddo contra a sua vontade.<\/p>\n<p>Melina, os familiares e amigos devem se apresentar \u00e0 delegacia ainda nesta semana para prestar esclarecimentos.<\/p>\n<p><img decoding=\"async\" src=\"http:\/\/aconteceunovale.com.br\/portal\/wp-content\/uploads\/2015\/03\/melina_franca_ufv.jpeg\" alt=\"\" \/><em>Melina Fran\u00e7a teria sa\u00eddo de Vi\u00e7osa em 23 de mar\u00e7o &#8211; Foto: Reprodu\u00e7\u00e3o\/Facebook<\/em><br \/>\n<\/br><\/p>\n<p><strong><em>(Fonte: Hoje em Dia)<\/em><\/strong><\/p>\n","protected":false},"excerpt":{"rendered":"<p>Universit\u00e1ria de 21 anos saiu da rep\u00fablica onde mora em Vi\u00e7osa e n\u00e3o retornou. Ela foi encontrada em Lima Duarte, na mesma regi\u00e3o. A universit\u00e1ria Melina Nascimento Fran\u00e7a, que havia desaparecido no in\u00edcio da semana em Vi\u00e7osa, na Zona da Mata, foi encontrada pela Pol\u00edcia Militar (PM), na tarde desta quinta-feira (26\/03). A jovem, de [&hellip;]<\/p>\n","protected":false},"author":1,"featured_media":55795,"comment_status":"open","ping_status":"closed","sticky":false,"template":"","format":"standard","meta":{"amp_status":"","footnotes":""},"categories":[123],"tags":[39235,39236,39232,39234,1579,39186,39183,14129,37378,39233,18771],"class_list":["post-55829","post","type-post","status-publish","format-standard","has-post-thumbnail","hentry","category-gerais","tag-conceicao-de-ibitipoca","tag-edvin-otto-filho","tag-estudante-da-ufv-que-estava-desaparecida-e-encontrada-pela-policia-militar","tag-estudante-de-veterinaria-da-universidade-federal-de-vicosa","tag-lima-duarte","tag-melina-franca","tag-melina-nascimento-franca","tag-rio-pomba","tag-ufv","tag-universitaria-melina-nascimento-franca","tag-vicosa"],"_links":{"self":[{"href":"https:\/\/aconteceunovale.com.br\/portal\/index.php?rest_route=\/wp\/v2\/posts\/55829","targetHints":{"allow":["GET"]}}],"collection":[{"href":"https:\/\/aconteceunovale.com.br\/portal\/index.php?rest_route=\/wp\/v2\/posts"}],"about":[{"href":"https:\/\/aconteceunovale.com.br\/portal\/index.php?rest_route=\/wp\/v2\/types\/post"}],"author":[{"embeddable":true,"href":"https:\/\/aconteceunovale.com.br\/portal\/index.php?rest_route=\/wp\/v2\/users\/1"}],"replies":[{"embeddable":true,"href":"https:\/\/aconteceunovale.com.br\/portal\/index.php?rest_route=%2Fwp%2Fv2%2Fcomments&post=55829"}],"version-history":[{"count":0,"href":"https:\/\/aconteceunovale.com.br\/portal\/index.php?rest_route=\/wp\/v2\/posts\/55829\/revisions"}],"wp:featuredmedia":[{"embeddable":true,"href":"https:\/\/aconteceunovale.com.br\/portal\/index.php?rest_route=\/wp\/v2\/media\/55795"}],"wp:attachment":[{"href":"https:\/\/aconteceunovale.com.br\/portal\/index.php?rest_route=%2Fwp%2Fv2%2Fmedia&parent=55829"}],"wp:term":[{"taxonomy":"category","embeddable":true,"href":"https:\/\/aconteceunovale.com.br\/portal\/index.php?rest_route=%2Fwp%2Fv2%2Fcategories&post=55829"},{"taxonomy":"post_tag","embeddable":true,"href":"https:\/\/aconteceunovale.com.br\/portal\/index.php?rest_route=%2Fwp%2Fv2%2Ftags&post=55829"}],"curies":[{"name":"wp","href":"https:\/\/api.w.org\/{rel}","templated":true}]}}