{"id":55759,"date":"2015-03-25T23:42:35","date_gmt":"2015-03-26T02:42:35","guid":{"rendered":"http:\/\/aconteceunovale.com.br\/portal\/?p=55759"},"modified":"2015-03-25T23:42:35","modified_gmt":"2015-03-26T02:42:35","slug":"camara-aprova-decreto-que-libera-mamografia-para-mulheres-entre-40-e-49-anos","status":"publish","type":"post","link":"https:\/\/aconteceunovale.com.br\/portal\/?p=55759","title":{"rendered":"C\u00e2mara aprova decreto que libera mamografia para mulheres entre 40 e 49 anos"},"content":{"rendered":"<p>Depois de pol\u00eamica entre entidades m\u00e9dicas e governo sobre a idade adequada para a mulher come\u00e7ar a fazer mamografia, a C\u00e2mara dos Deputados aprovou hoje (25\/03\/2015) o Projeto de Decreto Legislativo 1442\/14, que libera o exame para mulheres entre 40 e 49 anos com recursos do governo federal.<\/p>\n<p>Desde 2009 a Lei 11.664 prev\u00ea que toda mulher a partir dos 40 anos tem direito \u00e0 mamografia com recursos federais. Por\u00e9m, em 2013 a Portaria 1.253 do Minist\u00e9rio da Sa\u00fade alterou esta lei, priorizando a faixa et\u00e1ria entre 50 e 69 anos para fazer o exame, e impondo dificuldades para quem tem entre 40 e 49 anos. O decreto aprovado hoje quer retomar a validade integral da lei de 2009.<\/p>\n<p>Em discuss\u00e3o sobre o tema na C\u00e2mara ano passado, o Minist\u00e9rio da Sa\u00fade apresentou estudo apontando que diagn\u00f3stico precoce em mulheres com menos de 50 anos n\u00e3o altera o tempo de vida da paciente. Por\u00e9m, a presidente da Federa\u00e7\u00e3o Brasileira de Institui\u00e7\u00f5es Filantr\u00f3picas de Apoio \u00e0 Sa\u00fade da Mama (Femama), Ma\u00edra Caleffi, diz que os estudos da pasta s\u00e3o ultrapassado e n\u00e3o se referem \u00e0 realidade brasileira.<\/p>\n<p>As entidades m\u00e9dicas defendem que uma quantidade significativa de casos de c\u00e2ncer acontecem entre os 40 e 49 anos e que, portanto, o exame para detec\u00e7\u00e3o precoce deve ser uma ferramenta para que o tratamento tenha mais efeito.<\/p>\n<p>Ma\u00edra defende que a restri\u00e7\u00e3o estipulada pelo Minist\u00e9rio da Sa\u00fade foi um retrocesso para a sa\u00fade p\u00fablica que pode ser corrigido pelo poder legislativo. \u201cA Femama avalia que a conquista das mulheres pelo direito de fazer a mamografia a partir dos 40 vinha sendo muito positivo para aumentar a detec\u00e7\u00e3o precoce do c\u00e2ncer de mama e aumentar as chances de cura. N\u00e3o pod\u00edamos aceitar esse retrocesso\u201d, defendeu.<\/p>\n<p>O projeto ainda vai passar por vota\u00e7\u00e3o no Senado Federal. (Ag\u00eancia Brasil)<\/p>\n","protected":false},"excerpt":{"rendered":"<p>Depois de pol\u00eamica entre entidades m\u00e9dicas e governo sobre a idade adequada para a mulher come\u00e7ar a fazer mamografia, a C\u00e2mara dos Deputados aprovou hoje (25\/03\/2015) o Projeto de Decreto Legislativo 1442\/14, que libera o exame para mulheres entre 40 e 49 anos com recursos do governo federal. Desde 2009 a Lei 11.664 prev\u00ea que [&hellip;]<\/p>\n","protected":false},"author":1,"featured_media":41437,"comment_status":"open","ping_status":"closed","sticky":false,"template":"","format":"standard","meta":{"amp_status":"","footnotes":""},"categories":[6],"tags":[21888,18000,39140,39141,39136,39139,39138,39142,39135,39137,19152],"class_list":["post-55759","post","type-post","status-publish","format-standard","has-post-thumbnail","hentry","category-br","tag-camara","tag-cancer-de-mama","tag-federacao-brasileira-de-instituicoes-filantropicas-de-apoio-a-saude-da-mama","tag-femama","tag-idade-adequada-para-a-mulher-comecar-a-fazer-mamografia","tag-lei-11-664","tag-libera-o-exame-para-mulheres-entre-40-e-49-anos-com-recursos-do-governo-federal","tag-maira-caleffi","tag-mamografia","tag-projeto-de-decreto-legislativo-144214","tag-saude"],"_links":{"self":[{"href":"https:\/\/aconteceunovale.com.br\/portal\/index.php?rest_route=\/wp\/v2\/posts\/55759","targetHints":{"allow":["GET"]}}],"collection":[{"href":"https:\/\/aconteceunovale.com.br\/portal\/index.php?rest_route=\/wp\/v2\/posts"}],"about":[{"href":"https:\/\/aconteceunovale.com.br\/portal\/index.php?rest_route=\/wp\/v2\/types\/post"}],"author":[{"embeddable":true,"href":"https:\/\/aconteceunovale.com.br\/portal\/index.php?rest_route=\/wp\/v2\/users\/1"}],"replies":[{"embeddable":true,"href":"https:\/\/aconteceunovale.com.br\/portal\/index.php?rest_route=%2Fwp%2Fv2%2Fcomments&post=55759"}],"version-history":[{"count":0,"href":"https:\/\/aconteceunovale.com.br\/portal\/index.php?rest_route=\/wp\/v2\/posts\/55759\/revisions"}],"wp:featuredmedia":[{"embeddable":true,"href":"https:\/\/aconteceunovale.com.br\/portal\/index.php?rest_route=\/wp\/v2\/media\/41437"}],"wp:attachment":[{"href":"https:\/\/aconteceunovale.com.br\/portal\/index.php?rest_route=%2Fwp%2Fv2%2Fmedia&parent=55759"}],"wp:term":[{"taxonomy":"category","embeddable":true,"href":"https:\/\/aconteceunovale.com.br\/portal\/index.php?rest_route=%2Fwp%2Fv2%2Fcategories&post=55759"},{"taxonomy":"post_tag","embeddable":true,"href":"https:\/\/aconteceunovale.com.br\/portal\/index.php?rest_route=%2Fwp%2Fv2%2Ftags&post=55759"}],"curies":[{"name":"wp","href":"https:\/\/api.w.org\/{rel}","templated":true}]}}