{"id":55749,"date":"2015-03-25T22:31:47","date_gmt":"2015-03-26T01:31:47","guid":{"rendered":"http:\/\/aconteceunovale.com.br\/portal\/?p=55749"},"modified":"2015-03-25T22:31:47","modified_gmt":"2015-03-26T01:31:47","slug":"homem-passa-mal-e-morre-ao-fazer-limpeza-de-cisterna-no-norte-de-minas","status":"publish","type":"post","link":"https:\/\/aconteceunovale.com.br\/portal\/?p=55749","title":{"rendered":"Homem passa mal e morre ao fazer limpeza de cisterna no Norte de Minas"},"content":{"rendered":"<h4><strong><em>V\u00edtima desceu usando a corda da cisterna e n\u00e3o conseguiu voltar. Fatalidade aconteceu na comunidade de Capim Vermelho, na zona rural de Itacarambi.<\/em><\/strong><\/h4>\n<p>Um homem de 54 anos morreu nesta quarta-feira (25\/03) ap\u00f3s passar mal em uma cisterna em Itacarambi, Norte de Minas. De acordo com o Corpo de Bombeiros, testemunhas relataram que a v\u00edtima fazia limpeza na cisterna de um s\u00edtio, na comunidade de Capim Vermelho, localizado a cerca de cinco quil\u00f4metros da cidade.<\/p>\n<p>Ainda segundo os Bombeiros, o homem usou a corda do sarilho da cisterna para descer, mas quando passou mal n\u00e3o conseguiu se segurar e voltar \u00e0 superf\u00edcie. A Pol\u00edcia Militar e o Samu tamb\u00e9m foram ao local, quando perceberam que a v\u00edtima estava com a cabe\u00e7a dentro da \u00e1gua.<\/p>\n<p>Bombeiros de Janu\u00e1ria retiraram o corpo, que foi levado ao Instituto M\u00e9dico Legal (IML) da cidade por uma funer\u00e1ria.<\/p>\n<p><img decoding=\"async\" src=\"http:\/\/aconteceunovale.com.br\/portal\/wp-content\/uploads\/2015\/03\/itacarambi_cistern.jpg\" alt=\"\" \/><em>Homem desceu usando a corda da cisterna (Foto: Divulga\u00e7\u00e3o\/Corpo de Bombeiros de Janu\u00e1ria)<\/em><br \/>\n<\/br><\/p>\n<p><strong><em>(Inter TV Grande Minas)<\/em><\/strong><\/p>\n","protected":false},"excerpt":{"rendered":"<p>V\u00edtima desceu usando a corda da cisterna e n\u00e3o conseguiu voltar. Fatalidade aconteceu na comunidade de Capim Vermelho, na zona rural de Itacarambi. Um homem de 54 anos morreu nesta quarta-feira (25\/03) ap\u00f3s passar mal em uma cisterna em Itacarambi, Norte de Minas. De acordo com o Corpo de Bombeiros, testemunhas relataram que a v\u00edtima [&hellip;]<\/p>\n","protected":false},"author":1,"featured_media":55750,"comment_status":"open","ping_status":"closed","sticky":false,"template":"","format":"standard","meta":{"amp_status":"","footnotes":""},"categories":[1236],"tags":[39118,39117,1705,39119,39120],"class_list":["post-55749","post","type-post","status-publish","format-standard","has-post-thumbnail","hentry","category-norte_de_minas","tag-homem-passa-mal-e-morre-ao-fazer-limpeza-de-cisterna-em-itacarambi","tag-homem-passa-mal-e-morre-ao-fazer-limpeza-de-cisterna-no-norte-de-minas","tag-itacarambi","tag-morte-em-cisterna-em-itacarambi","tag-morto-em-cisterna-em-itacarambi"],"_links":{"self":[{"href":"https:\/\/aconteceunovale.com.br\/portal\/index.php?rest_route=\/wp\/v2\/posts\/55749","targetHints":{"allow":["GET"]}}],"collection":[{"href":"https:\/\/aconteceunovale.com.br\/portal\/index.php?rest_route=\/wp\/v2\/posts"}],"about":[{"href":"https:\/\/aconteceunovale.com.br\/portal\/index.php?rest_route=\/wp\/v2\/types\/post"}],"author":[{"embeddable":true,"href":"https:\/\/aconteceunovale.com.br\/portal\/index.php?rest_route=\/wp\/v2\/users\/1"}],"replies":[{"embeddable":true,"href":"https:\/\/aconteceunovale.com.br\/portal\/index.php?rest_route=%2Fwp%2Fv2%2Fcomments&post=55749"}],"version-history":[{"count":0,"href":"https:\/\/aconteceunovale.com.br\/portal\/index.php?rest_route=\/wp\/v2\/posts\/55749\/revisions"}],"wp:featuredmedia":[{"embeddable":true,"href":"https:\/\/aconteceunovale.com.br\/portal\/index.php?rest_route=\/wp\/v2\/media\/55750"}],"wp:attachment":[{"href":"https:\/\/aconteceunovale.com.br\/portal\/index.php?rest_route=%2Fwp%2Fv2%2Fmedia&parent=55749"}],"wp:term":[{"taxonomy":"category","embeddable":true,"href":"https:\/\/aconteceunovale.com.br\/portal\/index.php?rest_route=%2Fwp%2Fv2%2Fcategories&post=55749"},{"taxonomy":"post_tag","embeddable":true,"href":"https:\/\/aconteceunovale.com.br\/portal\/index.php?rest_route=%2Fwp%2Fv2%2Ftags&post=55749"}],"curies":[{"name":"wp","href":"https:\/\/api.w.org\/{rel}","templated":true}]}}