{"id":55676,"date":"2015-03-25T09:45:27","date_gmt":"2015-03-25T12:45:27","guid":{"rendered":"http:\/\/aconteceunovale.com.br\/portal\/?p=55676"},"modified":"2015-03-25T09:45:27","modified_gmt":"2015-03-25T12:45:27","slug":"plantao-do-samu-no-norte-de-minas-gerais-24-de-marco-de-2015","status":"publish","type":"post","link":"https:\/\/aconteceunovale.com.br\/portal\/?p=55676","title":{"rendered":"Plant\u00e3o do Samu no Norte de Minas Gerais &#8211; 24 de mar\u00e7o de 2015"},"content":{"rendered":"<h4><strong><em>Ter\u00e7a-feira, 24 de mar\u00e7o de 2015<\/em><\/strong><\/h4>\n<p>A unidade do SAMU de Montes Claros realizou na ter\u00e7a-feira, 24\/03, 41 atendimentos, sendo 24 casos cl\u00ednicos; 09 ocorr\u00eancias de acidente de tr\u00e2nsito envolvendo motocicleta; uma gestante com crise epil\u00e9ptica no bairro Vilage do Lago; uma colis\u00e3o entre um carro e um caminh\u00e3o ocorrida no bairro Interlagos; e um acidente envolvendo um micro-\u00f4nibus, que seguia de Montes Claros para Francisco S\u00e1, onde seis pessoas ficaram feridas.<\/p>\n<p>\u00c0s 22h, a unidade do Samu foi acionada para atendimento a v\u00edtimas de um acidente envolvendo um carro e uma moto, no bairro Santo Expedito. Um homem de 61 anos, que conduzia a moto, apresentava poss\u00edvel fratura de clav\u00edcula e ferimentos nos bra\u00e7os pass\u00edveis de sutura. Uma mulher de 56 anos, que estava na garupa da moto, se queixava de dor na regi\u00e3o p\u00e9lvica e apresentava escoria\u00e7\u00f5es nos bra\u00e7os e pernas.<\/p>\n<p>Uma mulher de 20 anos ficou ferida em um acidente envolvendo um carro e uma moto, ocorrido por volta das 19h40, na Avenida Deputado Pl\u00ednio Ribeiro, Vila Ipiranga. Ela conduzia a moto e foi encontrada pelos socorristas do Samu ca\u00edda ao solo, consciente, ainda com o capacete, se queixando de dor no t\u00f3rax e no joelho direito.<\/p>\n<p>\u00c0s 19h10, a unidade do Samu foi acionada para atendimento a um homem de 36 anos que foi atropelado por uma moto na Avenida Deputado Pl\u00ednio Ribeiro, bairro Esplanada. Ele transitava de moto e ficou ferido na cabe\u00e7a, com sangramento ativo. Ele estava embriagado, e se queixava de dor na regi\u00e3o lombar.<\/p>\n<p>\u00c0s 18h40, a unidade do Samu foi acionada para atendimento a um homem de 50 anos que caiu de moto na comunidade Rio Verde, zona rural de Montes Claros; \u00e0s 17h55, um homem de 29 anos colidiu de moto contra um carro na Rua Padre Champagnat, bairro Roxo Verde.<\/p>\n<p>Por volta da 14h25, a unidade do Samu foi acionada para atendimento a v\u00edtimas de um acidente envolvendo um carro e uma moto, na Avenida Jo\u00e3o Luiz de Almeida, Vila Guilhermina. Um homem de 23 anos, que conduzia a moto, deambulava no local e se queixava de dor na perna direita. Uma mulher de 24 anos que estava na garupa da moto, se queixava de dor com poss\u00edvel contus\u00e3o na regi\u00e3o sacral. O motorista do carro nada sofreu.<\/p>\n<p>Dois homens, de 25 e 35 anos, ficaram feridos em uma colis\u00e3o entre um carro e um caminh\u00e3o, ocorrida na Avenida Deputado Pl\u00ednio Ribeiro, bairro Interlagos, por volta das 13h10.  Eles estavam no carro e sofreram ferimentos leves.<\/p>\n<p>\u00c0s 12h40, a unidade do Samu foi acionada para atendimento a v\u00edtimas de um acidente envolvendo um micro-\u00f4nibus, na BR-2514, sa\u00edda de Montes Claros. O micro-\u00f4nibus, do Cons\u00f3rcio Intermunicipal de Sa\u00fade, seguia de Montes Claros sentido Francisco S\u00e1, quando saiu da pista. Segundo o motorista, chovia muito no momento do acidente e uma carreta vinha ultrapassando, ele teve que sair da pista para n\u00e3o colidirem frontalmente. O micro-\u00f4nibus s\u00f3 parou ap\u00f3s bater em um barranco, \u00e0s margens da rodovia. Seis pessoas sofreram fraturas e escoria\u00e7\u00f5es pelo corpo e foram encaminhadas para a Santa Casa de Montes Claros.<\/p>\n<p>Em todas as ocorr\u00eancias os feridos receberam os primeiros atendimentos no local e foram encaminhados ao hospital para avalia\u00e7\u00e3o.<\/p>\n","protected":false},"excerpt":{"rendered":"<p>Ter\u00e7a-feira, 24 de mar\u00e7o de 2015 A unidade do SAMU de Montes Claros realizou na ter\u00e7a-feira, 24\/03, 41 atendimentos, sendo 24 casos cl\u00ednicos; 09 ocorr\u00eancias de acidente de tr\u00e2nsito envolvendo motocicleta; uma gestante com crise epil\u00e9ptica no bairro Vilage do Lago; uma colis\u00e3o entre um carro e um caminh\u00e3o ocorrida no bairro Interlagos; e um [&hellip;]<\/p>\n","protected":false},"author":1,"featured_media":46383,"comment_status":"open","ping_status":"closed","sticky":false,"template":"","format":"standard","meta":{"amp_status":"","footnotes":""},"categories":[1236],"tags":[210,24659,24089,18898,18108,38952,18629,21139,4040],"class_list":["post-55676","post","type-post","status-publish","format-standard","has-post-thumbnail","hentry","category-norte_de_minas","tag-montes-claros","tag-plantao-do-samu-de-montes-claros","tag-plantao-do-samu-do-norte-de-minas","tag-plantao-do-samu-macro-norte","tag-plantao-do-samu-no-norte-de-minas-gerais","tag-plantao-do-samu-no-norte-de-minas-gerais-24-de-marco-de-2015","tag-samu-de-montes-claros","tag-samu-do-norte-de-minas","tag-samu-macro-norte"],"_links":{"self":[{"href":"https:\/\/aconteceunovale.com.br\/portal\/index.php?rest_route=\/wp\/v2\/posts\/55676","targetHints":{"allow":["GET"]}}],"collection":[{"href":"https:\/\/aconteceunovale.com.br\/portal\/index.php?rest_route=\/wp\/v2\/posts"}],"about":[{"href":"https:\/\/aconteceunovale.com.br\/portal\/index.php?rest_route=\/wp\/v2\/types\/post"}],"author":[{"embeddable":true,"href":"https:\/\/aconteceunovale.com.br\/portal\/index.php?rest_route=\/wp\/v2\/users\/1"}],"replies":[{"embeddable":true,"href":"https:\/\/aconteceunovale.com.br\/portal\/index.php?rest_route=%2Fwp%2Fv2%2Fcomments&post=55676"}],"version-history":[{"count":0,"href":"https:\/\/aconteceunovale.com.br\/portal\/index.php?rest_route=\/wp\/v2\/posts\/55676\/revisions"}],"wp:featuredmedia":[{"embeddable":true,"href":"https:\/\/aconteceunovale.com.br\/portal\/index.php?rest_route=\/wp\/v2\/media\/46383"}],"wp:attachment":[{"href":"https:\/\/aconteceunovale.com.br\/portal\/index.php?rest_route=%2Fwp%2Fv2%2Fmedia&parent=55676"}],"wp:term":[{"taxonomy":"category","embeddable":true,"href":"https:\/\/aconteceunovale.com.br\/portal\/index.php?rest_route=%2Fwp%2Fv2%2Fcategories&post=55676"},{"taxonomy":"post_tag","embeddable":true,"href":"https:\/\/aconteceunovale.com.br\/portal\/index.php?rest_route=%2Fwp%2Fv2%2Ftags&post=55676"}],"curies":[{"name":"wp","href":"https:\/\/api.w.org\/{rel}","templated":true}]}}