{"id":55674,"date":"2015-03-25T09:40:33","date_gmt":"2015-03-25T12:40:33","guid":{"rendered":"http:\/\/aconteceunovale.com.br\/portal\/?p=55674"},"modified":"2015-03-25T09:40:33","modified_gmt":"2015-03-25T12:40:33","slug":"previsao-do-tempo-para-minas-gerais-nesta-quarta-feira-25-de-marco","status":"publish","type":"post","link":"https:\/\/aconteceunovale.com.br\/portal\/?p=55674","title":{"rendered":"Previs\u00e3o do tempo para Minas Gerais nesta quarta-feira, 25 de mar\u00e7o"},"content":{"rendered":"<h4><strong><em>Nebulosidade perde for\u00e7a em todo o Estado, mas temperatura cai no Sul<\/em><\/strong><\/h4>\n<p>Nesta quarta-feira (25\/3), o tempo fica inst\u00e1vel com pancadas de chuva no Tri\u00e2ngulo, Noroeste, Norte, Jequitinhonha, Mucuri e Rio Doce. Nas outras regi\u00f5es mineiras, o c\u00e9u fica parcialmente nublado, com possibilidade de chuva isolada a partir da tarde. Temperatura m\u00ednima no estado foi de 10,8\u00b0C em Maria da F\u00e9 (Sul), e a temperatura m\u00e1xima prevista \u00e9 de 32\u00b0C.<\/p>\n<p>Na Regi\u00e3o Metropolitana de Belo Horizonte, o sol predomina pela manh\u00e3 e varia\u00e7\u00e3o de nuvens \u00e0 tarde, e h\u00e1 possibilidade de chuva isolada. Hoje, a temperatura m\u00ednima observada foi de 17\u00b0C e a m\u00e1xima prevista deve atingir os 30\u00b0C, com umidade relativa do ar em torno de 50% \u00e0 tarde.<\/p>\n","protected":false},"excerpt":{"rendered":"<p>Nebulosidade perde for\u00e7a em todo o Estado, mas temperatura cai no Sul Nesta quarta-feira (25\/3), o tempo fica inst\u00e1vel com pancadas de chuva no Tri\u00e2ngulo, Noroeste, Norte, Jequitinhonha, Mucuri e Rio Doce. Nas outras regi\u00f5es mineiras, o c\u00e9u fica parcialmente nublado, com possibilidade de chuva isolada a partir da tarde. Temperatura m\u00ednima no estado foi [&hellip;]<\/p>\n","protected":false},"author":1,"featured_media":51728,"comment_status":"open","ping_status":"closed","sticky":false,"template":"","format":"standard","meta":{"amp_status":"","footnotes":""},"categories":[123],"tags":[38950,1956,1839,29094,38951],"class_list":["post-55674","post","type-post","status-publish","format-standard","has-post-thumbnail","hentry","category-gerais","tag-25-de-marco","tag-previsao-do-tempo","tag-previsao-do-tempo-para-minas-gerais","tag-previsao-do-tempo-para-minas-gerais-nesta-quarta-feira","tag-previsao-do-tempo-para-minas-gerais-nesta-quarta-feira-25-de-marco"],"_links":{"self":[{"href":"https:\/\/aconteceunovale.com.br\/portal\/index.php?rest_route=\/wp\/v2\/posts\/55674","targetHints":{"allow":["GET"]}}],"collection":[{"href":"https:\/\/aconteceunovale.com.br\/portal\/index.php?rest_route=\/wp\/v2\/posts"}],"about":[{"href":"https:\/\/aconteceunovale.com.br\/portal\/index.php?rest_route=\/wp\/v2\/types\/post"}],"author":[{"embeddable":true,"href":"https:\/\/aconteceunovale.com.br\/portal\/index.php?rest_route=\/wp\/v2\/users\/1"}],"replies":[{"embeddable":true,"href":"https:\/\/aconteceunovale.com.br\/portal\/index.php?rest_route=%2Fwp%2Fv2%2Fcomments&post=55674"}],"version-history":[{"count":0,"href":"https:\/\/aconteceunovale.com.br\/portal\/index.php?rest_route=\/wp\/v2\/posts\/55674\/revisions"}],"wp:featuredmedia":[{"embeddable":true,"href":"https:\/\/aconteceunovale.com.br\/portal\/index.php?rest_route=\/wp\/v2\/media\/51728"}],"wp:attachment":[{"href":"https:\/\/aconteceunovale.com.br\/portal\/index.php?rest_route=%2Fwp%2Fv2%2Fmedia&parent=55674"}],"wp:term":[{"taxonomy":"category","embeddable":true,"href":"https:\/\/aconteceunovale.com.br\/portal\/index.php?rest_route=%2Fwp%2Fv2%2Fcategories&post=55674"},{"taxonomy":"post_tag","embeddable":true,"href":"https:\/\/aconteceunovale.com.br\/portal\/index.php?rest_route=%2Fwp%2Fv2%2Ftags&post=55674"}],"curies":[{"name":"wp","href":"https:\/\/api.w.org\/{rel}","templated":true}]}}