{"id":55658,"date":"2015-03-24T23:00:08","date_gmt":"2015-03-25T02:00:08","guid":{"rendered":"http:\/\/aconteceunovale.com.br\/portal\/?p=55658"},"modified":"2015-03-24T23:01:17","modified_gmt":"2015-03-25T02:01:17","slug":"seis-pessoas-ficam-feridas-em-acidente-com-micro-onibus-no-norte-de-minas","status":"publish","type":"post","link":"https:\/\/aconteceunovale.com.br\/portal\/?p=55658","title":{"rendered":"Seis pessoas ficam feridas em acidente com micro-\u00f4nibus no Norte de Minas"},"content":{"rendered":"<h4><strong><em>Ve\u00edculo pertence ao Cons\u00f3rcio Intermunicipal de Sa\u00fade da Microrregi\u00e3o de Gr\u00e3o Mogol. O acidente aconteceu depois que o motorista tentou desviar de uma carreta.<\/em><\/strong><\/h4>\n<p>Seis pessoas ficaram feridas em um acidente na tarde desta ter\u00e7a-feira (24\/03), na BR-251, pr\u00f3ximo a Montes Claros, no Norte de Minas. Segundo as primeiras informa\u00e7\u00f5es da Pol\u00edcia Rodovi\u00e1ria Federal (PRF), um micro-\u00f4nibus do Cons\u00f3rcio Intermunicipal de Sa\u00fade da Microrregi\u00e3o de Gr\u00e3o Mogol saiu da pista quando seguia de Montes Claros sentido Francisco S\u00e1.<\/p>\n<p><img decoding=\"async\" src=\"http:\/\/aconteceunovale.com.br\/portal\/wp-content\/uploads\/2015\/03\/acidente_van_251_24_3_1.jpg\" alt=\"\" \/><em>De acordo com o Samu, Seis pessoas ficaram feridas no acidente (Foto: Taislaine Antunes\/G1)<\/em><br \/>\n<\/br><\/p>\n<p>O motorista do micro-\u00f4nibus, Djalma Damasceno, conta que chovia muito no momento do acidente, e uma ultrapassagem teria causado o acidente. &#8220;Uma carreta vinha ultrapassando, e se eu n\u00e3o jogasse para fora da pista, iria bater de frente&#8221;, explica. O motorista da carreta n\u00e3o parou para prestar socorro. O ve\u00edculo s\u00f3 parou ao bater em pedras de um matagal que ficam \u00e0s margens da rodovia.<\/p>\n<p>O micro-\u00f4nibus tem capacidade para 27 ocupantes incluindo o motorista, mas apenas 10 estavam no ve\u00edculo na hora do acidente.<\/p>\n<p>Segundo o Samu, dos 10 passageiros, seis foram encaminhados para a Santa Casa de Montes Claros com ferimentos leves, e o estado de sa\u00fade \u00e9 est\u00e1vel. De acordo com Djalma, uma passageira e uma crian\u00e7a de colo foram levadas por conhecidos para a cidade de Francisco S\u00e1, sem ferimentos.<\/p>\n<p>Como o ve\u00edculo saiu da pista, o tr\u00e2nsito n\u00e3o ficou t\u00e3o prejudicado no local. A PRF informou que durante o resgate das v\u00edtimas a pista ficou interditada, mas foi liberada logo em seguida.<\/p>\n<p><strong>V\u00edtimas<\/strong><\/p>\n<p>Conforme a Assessoria de Comunica\u00e7\u00e3o do Samu Macro Norte, as seis v\u00edtimas listadas abaixo foram encaminhadas para a Santa Casa de Montes Claros.<\/p>\n<p>&#8211; Jos\u00e9 Maria Vasconcelos Vinicius, 30 anos<br \/>\n&#8211; Isabel Martins da Cruz, 64 anos<br \/>\n&#8211; Nelita Rosa Oliveira Lima, 37 anos<br \/>\n&#8211; Marlene Pereira Farias, 60 anos<br \/>\n&#8211; Maria Nazar\u00e9 da Silva, 77 anos<br \/>\n&#8211; Geraldo Soares Barbosa, 79 anos<\/p>\n<p><em>(Fonte: Inter TV Grande Minas \/ Com Altera\u00e7\u00f5es)<\/em><\/p>\n","protected":false},"excerpt":{"rendered":"<p>Ve\u00edculo pertence ao Cons\u00f3rcio Intermunicipal de Sa\u00fade da Microrregi\u00e3o de Gr\u00e3o Mogol. O acidente aconteceu depois que o motorista tentou desviar de uma carreta. Seis pessoas ficaram feridas em um acidente na tarde desta ter\u00e7a-feira (24\/03), na BR-251, pr\u00f3ximo a Montes Claros, no Norte de Minas. Segundo as primeiras informa\u00e7\u00f5es da Pol\u00edcia Rodovi\u00e1ria Federal (PRF), [&hellip;]<\/p>\n","protected":false},"author":1,"featured_media":55659,"comment_status":"open","ping_status":"closed","sticky":false,"template":"","format":"standard","meta":{"amp_status":"","footnotes":""},"categories":[1236],"tags":[28860,38921,38917,38920,30999,38924,1395,38930,38926,204,38925,38929,38928,38919,38918,210,38927,38922,38923],"class_list":["post-55658","post","type-post","status-publish","format-standard","has-post-thumbnail","hentry","category-norte_de_minas","tag-acidente-com-moradores-de-francisco-sa","tag-acidente-com-onibus-de-pacientes-de-francisco-sa","tag-acidente-com-um-micro-onibus-do-consorcio-intermunicipal-de-saude-da-microrregiao-de-grao-mogol","tag-consorcio-intermunicipal-de-saude-da-microrregiao-de-grao-mogol","tag-denilson-silveira","tag-djalma-damasceno","tag-francisco-sa","tag-geraldo-soares-barbosa","tag-isabel-martins-da-cruz","tag-janauba","tag-jose-maria-vasconcelos-vinicius","tag-maria-nazare-da-silva","tag-marlene-pereira-farias","tag-micro-onibus-do-consorcio-intermunicipal-de-saude","tag-micro-onibus-do-consorcio-intermunicipal-de-saude-da-microrregiao-de-grao-mogol","tag-montes-claros","tag-nelita-rosa-oliveira-lima","tag-prefeito-de-francisco-sa","tag-seis-pessoas-ficam-feridas-em-acidente-com-micro-onibus-no-norte-de-minas"],"_links":{"self":[{"href":"https:\/\/aconteceunovale.com.br\/portal\/index.php?rest_route=\/wp\/v2\/posts\/55658","targetHints":{"allow":["GET"]}}],"collection":[{"href":"https:\/\/aconteceunovale.com.br\/portal\/index.php?rest_route=\/wp\/v2\/posts"}],"about":[{"href":"https:\/\/aconteceunovale.com.br\/portal\/index.php?rest_route=\/wp\/v2\/types\/post"}],"author":[{"embeddable":true,"href":"https:\/\/aconteceunovale.com.br\/portal\/index.php?rest_route=\/wp\/v2\/users\/1"}],"replies":[{"embeddable":true,"href":"https:\/\/aconteceunovale.com.br\/portal\/index.php?rest_route=%2Fwp%2Fv2%2Fcomments&post=55658"}],"version-history":[{"count":0,"href":"https:\/\/aconteceunovale.com.br\/portal\/index.php?rest_route=\/wp\/v2\/posts\/55658\/revisions"}],"wp:featuredmedia":[{"embeddable":true,"href":"https:\/\/aconteceunovale.com.br\/portal\/index.php?rest_route=\/wp\/v2\/media\/55659"}],"wp:attachment":[{"href":"https:\/\/aconteceunovale.com.br\/portal\/index.php?rest_route=%2Fwp%2Fv2%2Fmedia&parent=55658"}],"wp:term":[{"taxonomy":"category","embeddable":true,"href":"https:\/\/aconteceunovale.com.br\/portal\/index.php?rest_route=%2Fwp%2Fv2%2Fcategories&post=55658"},{"taxonomy":"post_tag","embeddable":true,"href":"https:\/\/aconteceunovale.com.br\/portal\/index.php?rest_route=%2Fwp%2Fv2%2Ftags&post=55658"}],"curies":[{"name":"wp","href":"https:\/\/api.w.org\/{rel}","templated":true}]}}