{"id":55651,"date":"2015-03-24T21:43:32","date_gmt":"2015-03-25T00:43:32","guid":{"rendered":"http:\/\/aconteceunovale.com.br\/portal\/?p=55651"},"modified":"2015-03-24T21:43:32","modified_gmt":"2015-03-25T00:43:32","slug":"acusado-de-matar-o-jornalista-rodrigo-neto-sera-julgado-em-junho","status":"publish","type":"post","link":"https:\/\/aconteceunovale.com.br\/portal\/?p=55651","title":{"rendered":"Acusado de matar o jornalista Rodrigo Neto ser\u00e1 julgado em junho"},"content":{"rendered":"<p>O Tribunal de Justi\u00e7a de Minas Gerais (TJMG) agendou para 19 de junho deste ano o julgamento de Alessandro Neves Augusto, o \u201cPitote\u201d, acusado de assassinar o jornalista Rodrigo Neto de Faria e o fot\u00f3grafo Walgney Carvalho, como queima arquivo, em mar\u00e7o e abril de 2013, em Ipatinga, no Vale do A\u00e7o.<\/p>\n<p>A data foi marcada nesta segunda-feira (23\/03), pelo juiz da 2\u00aa Vara Criminal da Comarca de Ipatinga, Ant\u00f4nio Augusto Calaes de Oliveira. O j\u00fari popular ser\u00e1 realizado no F\u00f3rum Val\u00e9ria Vieira Alves, no pr\u00f3prio munic\u00edpio. O caso dever\u00e1 ter um esquema especial de seguran\u00e7a.<\/p>\n<p>\u201cPitote\u201d \u00e9 acusado de ser o autor dos disparos contra Rodrigo Neto e o Walgney Carvalho. O r\u00e9u est\u00e1 detido na Penitenci\u00e1ria Nelson Hungria, em Contagem, na Regi\u00e3o Metropolitana de Belo Horizonte.<\/p>\n<p>Em 28 de mar\u00e7o de 2014, o policial civil L\u00facio L\u00edrio Leal foi condenado a 12 anos de pris\u00e3o em regime fechado pela participa\u00e7\u00e3o no assassinato do jornalista Rodrigo Neto. <\/p>\n<p>Um outro inqu\u00e9rito investiga os mandantes dos crimes, a motiva\u00e7\u00e3o e quem pilotava a motocicleta que levava Pitote.<\/p>\n<p><img decoding=\"async\" src=\"http:\/\/aconteceunovale.com.br\/portal\/wp-content\/uploads\/2014\/02\/julgamento_assassinos_rodrigo_neto.jpg\" alt=\"\" \/><em>Jornalista e radialista Rodrigo Neto foi executado a tiros &#8211; Foto: Reprodu\u00e7\u00e3o\/Facebook<\/em><br \/>\n<\/br><\/p>\n<p><strong>Execu\u00e7\u00e3o<\/strong><\/p>\n<p>O jornalista Rodrigo Neto foi executado a tiros quando estava em um bar do bairro Cana\u00e3, em Ipatinga, no Vale do A\u00e7o, em mar\u00e7o de 2013. O rep\u00f3rter era especializado na cobertura de not\u00edcias policiais e durante sua carreira denunciou diversos crimes, inclusive envolvendo policiais militares e civis como autores.<\/p>\n<p>Segundo a Pol\u00edcia Militar, ele sa\u00eda de um churrasquinho na avenida Selim Jos\u00e9 de Sales, quando dois homens chegaram em uma motocicleta escura e atiraram em sua dire\u00e7\u00e3o. A v\u00edtima chegou a ser socorrida com vida, mas morreu a caminho do Hospital M\u00e1rcio Cunha. <\/p>\n<p>Um outro homem, que estava com o Rodrigo Neto quando ele foi alvejado, tamb\u00e9m foi atingido mas conseguiu escapar. O itiner\u00e1rio de fuga teria sido tra\u00e7ado pelo investigador, que passou pelo local, minutos antes, viu o jornalista e o companheiro e avisou o comparsa de sua presen\u00e7a e posi\u00e7\u00e3o. A motiva\u00e7\u00e3o do crime, ainda de acordo com o MP, foram den\u00fancias feitas por Rodrigo em emissora de r\u00e1dio, contra crimes que ficaram impunes no Vale do A\u00e7o. <strong><em>(Hoje em Dia)<\/em><\/strong><\/p>\n","protected":false},"excerpt":{"rendered":"<p>O Tribunal de Justi\u00e7a de Minas Gerais (TJMG) agendou para 19 de junho deste ano o julgamento de Alessandro Neves Augusto, o \u201cPitote\u201d, acusado de assassinar o jornalista Rodrigo Neto de Faria e o fot\u00f3grafo Walgney Carvalho, como queima arquivo, em mar\u00e7o e abril de 2013, em Ipatinga, no Vale do A\u00e7o. A data foi [&hellip;]<\/p>\n","protected":false},"author":1,"featured_media":21863,"comment_status":"open","ping_status":"closed","sticky":false,"template":"","format":"standard","meta":{"amp_status":"","footnotes":""},"categories":[121],"tags":[38906,38905,38902,38901,5919,38907,38903,201,8040,7366,5920,14300,14297,38904],"class_list":["post-55651","post","type-post","status-publish","format-standard","has-post-thumbnail","hentry","category-leste","tag-2a-vara-criminal-da-comarca-de-ipatinga","tag-acusado-de-assassinar-o-jornalista-rodrigo-neto-de-faria-e-o-fotografo-walgney-carvalho","tag-acusado-de-matar-o-jornalista-rodrigo-neto","tag-acusado-de-matar-o-jornalista-rodrigo-neto-sera-julgado-em-junho","tag-alessandro-neves-augusto","tag-antonio-augusto-calaes-de-oliveira","tag-fotografo-walgney-carvalho","tag-ipatinga","tag-jornalista-rodrigo-neto","tag-lucio-lirio-leal","tag-pitote","tag-policial-civil-lucio-lirio-leal","tag-rodrigo-neto","tag-walgney-carvalho"],"_links":{"self":[{"href":"https:\/\/aconteceunovale.com.br\/portal\/index.php?rest_route=\/wp\/v2\/posts\/55651","targetHints":{"allow":["GET"]}}],"collection":[{"href":"https:\/\/aconteceunovale.com.br\/portal\/index.php?rest_route=\/wp\/v2\/posts"}],"about":[{"href":"https:\/\/aconteceunovale.com.br\/portal\/index.php?rest_route=\/wp\/v2\/types\/post"}],"author":[{"embeddable":true,"href":"https:\/\/aconteceunovale.com.br\/portal\/index.php?rest_route=\/wp\/v2\/users\/1"}],"replies":[{"embeddable":true,"href":"https:\/\/aconteceunovale.com.br\/portal\/index.php?rest_route=%2Fwp%2Fv2%2Fcomments&post=55651"}],"version-history":[{"count":0,"href":"https:\/\/aconteceunovale.com.br\/portal\/index.php?rest_route=\/wp\/v2\/posts\/55651\/revisions"}],"wp:featuredmedia":[{"embeddable":true,"href":"https:\/\/aconteceunovale.com.br\/portal\/index.php?rest_route=\/wp\/v2\/media\/21863"}],"wp:attachment":[{"href":"https:\/\/aconteceunovale.com.br\/portal\/index.php?rest_route=%2Fwp%2Fv2%2Fmedia&parent=55651"}],"wp:term":[{"taxonomy":"category","embeddable":true,"href":"https:\/\/aconteceunovale.com.br\/portal\/index.php?rest_route=%2Fwp%2Fv2%2Fcategories&post=55651"},{"taxonomy":"post_tag","embeddable":true,"href":"https:\/\/aconteceunovale.com.br\/portal\/index.php?rest_route=%2Fwp%2Fv2%2Ftags&post=55651"}],"curies":[{"name":"wp","href":"https:\/\/api.w.org\/{rel}","templated":true}]}}