{"id":55648,"date":"2015-03-24T21:32:03","date_gmt":"2015-03-25T00:32:03","guid":{"rendered":"http:\/\/aconteceunovale.com.br\/portal\/?p=55648"},"modified":"2015-03-24T21:32:03","modified_gmt":"2015-03-25T00:32:03","slug":"leite-pela-vida-sera-restabelecido-em-municipios-que-estavam-sem-atendimento","status":"publish","type":"post","link":"https:\/\/aconteceunovale.com.br\/portal\/?p=55648","title":{"rendered":"Leite pela Vida ser\u00e1 restabelecido em munic\u00edpios que estavam sem atendimento"},"content":{"rendered":"<h4><strong><em>O secret\u00e1rio de Estado de Desenvolvimento e Integra\u00e7\u00e3o do Norte e Nordeste de Minas Gerais, Paulo Guedes, se reuniu, na manh\u00e3 desta segunda-feira com produtores rurais e donos de latic\u00ednios e cooperativas.<\/em><\/strong><\/h4>\n<p>O secret\u00e1rio de Estado de Desenvolvimento e Integra\u00e7\u00e3o do Norte e Nordeste de Minas Gerais, Paulo Guedes, se reuniu, na manh\u00e3 desta segunda-feira (23\/3), com produtores rurais e donos de latic\u00ednios e cooperativas, no munic\u00edpio de Manga, Norte de Minas. No encontro, ele informou que o programa Leite pela Vida ser\u00e1 restabelecido nos munic\u00edpios que estavam sem atendimento e que a Secretaria trabalha para dobrar o volume de leite adquirido e distribu\u00eddo a fam\u00edlias carentes das regi\u00f5es Norte e Nordeste de Minas Gerais.<\/p>\n<p><img decoding=\"async\" src=\"http:\/\/aconteceunovale.com.br\/portal\/wp-content\/uploads\/2015\/03\/reuniao_paulo_guedes.jpg\" alt=\"\" \/><em>Paulo Guedes em reuni\u00e3o nessa segunda-feira (23) &#8211; Foto: Divulga\u00e7\u00e3o\/Sedinor<\/em><br \/>\n<\/br><\/p>\n<p>Paulo Guedes citou o munic\u00edpio de S\u00e3o Jo\u00e3o das Miss\u00f5es, que tem quase 15 mil habitantes e abriga a maior popula\u00e7\u00e3o ind\u00edgena de Minas Gerais \u2013 os Xacriab\u00e1s. No munic\u00edpio em que prevalecem condi\u00e7\u00f5es de extrema pobreza, as fam\u00edlias est\u00e3o h\u00e1 mais de um ano sem receber o leite. \u201cVamos fazer novos contratos com latic\u00ednios e cooperativas para que o atendimento seja restabelecido imediatamente\u201d, garantiu o secret\u00e1rio.<\/p>\n<p>O programa Leite pela Vida, executado pelo Instituto de Desenvolvimento do Norte e Nordeste de Minas Gerais (Idene), bra\u00e7o operacional da Sedinor, j\u00e1 chegou a entregou 137 mil litros de leite\/dia. Atualmente, s\u00e3o distribu\u00eddos apenas cerca de 75 mil litros\/dia. Paulo Guedes afirmou que pretende dobrar o volume de leite do programa. Para isso, o Idene j\u00e1 est\u00e1 acertando com latic\u00ednios e cooperativas a amplia\u00e7\u00e3o das cotas. O munic\u00edpio de Manga, por exemplo, passar\u00e1 de 1.100 para 2.200 benefici\u00e1rios, Mirav\u00e2nia passar\u00e1 de 250 para 500 atendidos, assim como Juven\u00edlia, que vai distribuir 500 litros de leite\/dia em vez dos atuais 250 litros.<\/p>\n<p><strong>Cotas de produtores<\/strong><\/p>\n<p>O secret\u00e1rio Paulo Guedes informou tamb\u00e9m que o Sistema Sedinor\/Idene est\u00e1 buscando, junto ao Minist\u00e9rio do Desenvolvimento Social e Combate \u00e0 Fome (MDS), a amplia\u00e7\u00e3o das cotas dos produtores rurais. \u201cNa semana passada, o diretor-geral do Idene, Ricardo Campos, esteve em Bras\u00edlia para apresentar a proposta \u00e0 coordena\u00e7\u00e3o nacional do programa Leite pela Vida\u201d, disse. Segundo Paulo Guedes, a ideia \u00e9 aumentar dos atuais 22,9 litros para 55 litros\/dia, por produtor.<\/p>\n<p><strong>Pagamento mensal<\/strong><\/p>\n<p>Outro assunto abordado durante o encontro foi o fechamento dos processos de pagamento do leite. O secret\u00e1rio Paulo Guedes garantiu que, a partir de agora, o pagamento de produtores rurais, latic\u00ednios e cooperativas ser\u00e1 feito mensalmente e n\u00e3o mais quinzenalmente. A mudan\u00e7a atende a solicita\u00e7\u00e3o dos pr\u00f3prios fornecedores que reclamam que, com o fechamento quinzenal, aumentou a burocracia e o trabalho de todos os envolvidos no processo ficou mais dif\u00edcil. Eles tamb\u00e9m afirmam que o modelo atual acarretou atrasos cont\u00ednuos nos pagamentos, o que desestimulou grande parte dos produtores do programa.<\/p>\n<p>Paulo Guedes tamb\u00e9m afirmou que, para melhorar o acompanhamento do trabalho dos latic\u00ednios e cooperativas, a Secretaria pretende recriar o Comit\u00ea Gestor do Leite. A iniciativa tamb\u00e9m vai ajudar na fiscaliza\u00e7\u00e3o dos pontos e na busca de solu\u00e7\u00f5es para eventuais problemas na entrega do leite. (Sedinor)<\/p>\n","protected":false},"excerpt":{"rendered":"<p>O secret\u00e1rio de Estado de Desenvolvimento e Integra\u00e7\u00e3o do Norte e Nordeste de Minas Gerais, Paulo Guedes, se reuniu, na manh\u00e3 desta segunda-feira com produtores rurais e donos de latic\u00ednios e cooperativas. O secret\u00e1rio de Estado de Desenvolvimento e Integra\u00e7\u00e3o do Norte e Nordeste de Minas Gerais, Paulo Guedes, se reuniu, na manh\u00e3 desta segunda-feira [&hellip;]<\/p>\n","protected":false},"author":1,"featured_media":14088,"comment_status":"open","ping_status":"closed","sticky":false,"template":"","format":"standard","meta":{"amp_status":"","footnotes":""},"categories":[123],"tags":[272,2048,38900,1356,17364,977,1810,38899,27248],"class_list":["post-55648","post","type-post","status-publish","format-standard","has-post-thumbnail","hentry","category-gerais","tag-idene","tag-leite-pela-vida","tag-leite-pela-vida-sera-restabelecido-em-municipios-que-estavam-sem-atendimento","tag-manga","tag-paulo-guedes","tag-programa-leite-pela-vida","tag-sao-joao-das-missoes","tag-secretario-de-estado-de-desenvolvimento-e-integracao-do-norte-e-nordeste-de-minas-gerais","tag-sedinor"],"_links":{"self":[{"href":"https:\/\/aconteceunovale.com.br\/portal\/index.php?rest_route=\/wp\/v2\/posts\/55648","targetHints":{"allow":["GET"]}}],"collection":[{"href":"https:\/\/aconteceunovale.com.br\/portal\/index.php?rest_route=\/wp\/v2\/posts"}],"about":[{"href":"https:\/\/aconteceunovale.com.br\/portal\/index.php?rest_route=\/wp\/v2\/types\/post"}],"author":[{"embeddable":true,"href":"https:\/\/aconteceunovale.com.br\/portal\/index.php?rest_route=\/wp\/v2\/users\/1"}],"replies":[{"embeddable":true,"href":"https:\/\/aconteceunovale.com.br\/portal\/index.php?rest_route=%2Fwp%2Fv2%2Fcomments&post=55648"}],"version-history":[{"count":0,"href":"https:\/\/aconteceunovale.com.br\/portal\/index.php?rest_route=\/wp\/v2\/posts\/55648\/revisions"}],"wp:featuredmedia":[{"embeddable":true,"href":"https:\/\/aconteceunovale.com.br\/portal\/index.php?rest_route=\/wp\/v2\/media\/14088"}],"wp:attachment":[{"href":"https:\/\/aconteceunovale.com.br\/portal\/index.php?rest_route=%2Fwp%2Fv2%2Fmedia&parent=55648"}],"wp:term":[{"taxonomy":"category","embeddable":true,"href":"https:\/\/aconteceunovale.com.br\/portal\/index.php?rest_route=%2Fwp%2Fv2%2Fcategories&post=55648"},{"taxonomy":"post_tag","embeddable":true,"href":"https:\/\/aconteceunovale.com.br\/portal\/index.php?rest_route=%2Fwp%2Fv2%2Ftags&post=55648"}],"curies":[{"name":"wp","href":"https:\/\/api.w.org\/{rel}","templated":true}]}}