{"id":55641,"date":"2015-03-24T20:36:45","date_gmt":"2015-03-24T23:36:45","guid":{"rendered":"http:\/\/aconteceunovale.com.br\/portal\/?p=55641"},"modified":"2015-03-24T20:36:45","modified_gmt":"2015-03-24T23:36:45","slug":"governo-de-minas-gerais-garante-o-pagamento-do-piso-nacional-da-educacao-basica","status":"publish","type":"post","link":"https:\/\/aconteceunovale.com.br\/portal\/?p=55641","title":{"rendered":"Governo de Minas Gerais garante o pagamento do piso nacional da Educa\u00e7\u00e3o B\u00e1sica"},"content":{"rendered":"<h4><strong><em>Durante reuni\u00e3o realizada nesta ter\u00e7a-feira (24\/3), representantes do Estado asseguraram a entidades sindicais que piso ser\u00e1 atingido durante o atual mandato de Pimentel<\/em><\/strong><\/h4>\n<p>Em reuni\u00e3o do Grupo de Trabalho do Piso Salarial da Educa\u00e7\u00e3o, realizada nesta ter\u00e7a-feira (24\/03), o Governo de Minas Gerais garantiu \u00e0s entidades sindicais que ir\u00e1 pagar o piso nacional, no valor de R$ 1.917,78, durante o mandato do governador Fernando Pimentel. Hoje, o vencimento b\u00e1sico \u00e9 de R$ 1.455,00 e, para alcan\u00e7ar o valor reivindicado pela categoria, o governo ir\u00e1 reajustar o piso ano a ano.<\/p>\n<p><img decoding=\"async\" src=\"http:\/\/aconteceunovale.com.br\/portal\/wp-content\/uploads\/2015\/03\/governo-de-minas-gerais-garante-o-pagamento-do-piso-nacional-da-educacao-basica.jpg\" alt=\"\" \/><em>Reuni\u00e3o foi realizada nesta ter\u00e7a na Cidade Administrativa &#8211; Foto: Henrique Chendes\/Ag\u00eancia Minas<\/em><br \/>\n<\/br><\/p>\n<p>O encontro foi coordenado pelo secret\u00e1rio-adjunto de Planejamento e Gest\u00e3o, Wieland Silberschneider, que destacou o avan\u00e7o da proposta do governo, apresentada na \u00faltima reuni\u00e3o, realizada no dia 12 de mar\u00e7o. \u201cO primeiro passo j\u00e1 foi dado. Nossa proposta de abono de R$ 160,00 j\u00e1 em maio representa um ter\u00e7o da diferen\u00e7a entre o que \u00e9 pago hoje e o valor do piso nacional. Esse valor passaria a ser incorporado ao vencimento b\u00e1sico dos servidores em quatro parcelas de R$ 40,00 nos meses de julho e outubro de 2015 e janeiro e abril de 2016\u201d, explica Wieland.<\/p>\n<p><strong>Alimenta\u00e7\u00e3o garantida<\/strong><\/p>\n<p>Outro avan\u00e7o anunciado pelo secret\u00e1rio-adjunto diz respeito \u00e0 alimenta\u00e7\u00e3o de todos os servidores, que passar\u00e3o a ter direito, j\u00e1 a partir de abril, \u00e0 merenda escolar dos alunos. \u201cEra uma reivindica\u00e7\u00e3o justa que o governo resolveu atender prontamente. O custo, de R$ 14 milh\u00f5es anuais, ser\u00e1 bancado pelo Tesouro estadual\u201d, informou.<\/p>\n<p>Outros itens que fazem parte da proposta do Governo de Minas Gerais para os servidores incluem aumento de 10,25% aos diretores de escola; regulamenta\u00e7\u00e3o do piso salarial do magist\u00e9rio em lei estadual; valoriza\u00e7\u00e3o da escolaridade (5% do sal\u00e1rio para quem tem mestrado e 10% para os professores com doutorado); migra\u00e7\u00e3o dos professores dos n\u00edveis iniciais T1 e T2 para o de licenciatura plena; e o fim do subs\u00eddio, abrindo perspectiva para a constru\u00e7\u00e3o de um novo plano de carreira. (Ag\u00eancia Minas)<\/p>\n","protected":false},"excerpt":{"rendered":"<p>Durante reuni\u00e3o realizada nesta ter\u00e7a-feira (24\/3), representantes do Estado asseguraram a entidades sindicais que piso ser\u00e1 atingido durante o atual mandato de Pimentel Em reuni\u00e3o do Grupo de Trabalho do Piso Salarial da Educa\u00e7\u00e3o, realizada nesta ter\u00e7a-feira (24\/03), o Governo de Minas Gerais garantiu \u00e0s entidades sindicais que ir\u00e1 pagar o piso nacional, no valor [&hellip;]<\/p>\n","protected":false},"author":1,"featured_media":55642,"comment_status":"open","ping_status":"closed","sticky":false,"template":"","format":"standard","meta":{"amp_status":"","footnotes":""},"categories":[123],"tags":[38894,12826,38888,38891,38890,38889,38892,38893],"class_list":["post-55641","post","type-post","status-publish","format-standard","has-post-thumbnail","hentry","category-gerais","tag-alimentacao-de-todos-os-servidores-de-minas-gerais","tag-fernando-pimentel","tag-governo-de-minas-gerais-garante-o-pagamento-do-piso-nacional-da-educacao-basica","tag-grupo-de-trabalho-do-piso-salarial-da-educacao","tag-pagamento-do-piso-nacional-da-educacao-basica","tag-piso-nacional-da-educacao-basica","tag-secretario-adjunto-de-planejamento-e-gestao","tag-wieland-silberschneider"],"_links":{"self":[{"href":"https:\/\/aconteceunovale.com.br\/portal\/index.php?rest_route=\/wp\/v2\/posts\/55641","targetHints":{"allow":["GET"]}}],"collection":[{"href":"https:\/\/aconteceunovale.com.br\/portal\/index.php?rest_route=\/wp\/v2\/posts"}],"about":[{"href":"https:\/\/aconteceunovale.com.br\/portal\/index.php?rest_route=\/wp\/v2\/types\/post"}],"author":[{"embeddable":true,"href":"https:\/\/aconteceunovale.com.br\/portal\/index.php?rest_route=\/wp\/v2\/users\/1"}],"replies":[{"embeddable":true,"href":"https:\/\/aconteceunovale.com.br\/portal\/index.php?rest_route=%2Fwp%2Fv2%2Fcomments&post=55641"}],"version-history":[{"count":0,"href":"https:\/\/aconteceunovale.com.br\/portal\/index.php?rest_route=\/wp\/v2\/posts\/55641\/revisions"}],"wp:featuredmedia":[{"embeddable":true,"href":"https:\/\/aconteceunovale.com.br\/portal\/index.php?rest_route=\/wp\/v2\/media\/55642"}],"wp:attachment":[{"href":"https:\/\/aconteceunovale.com.br\/portal\/index.php?rest_route=%2Fwp%2Fv2%2Fmedia&parent=55641"}],"wp:term":[{"taxonomy":"category","embeddable":true,"href":"https:\/\/aconteceunovale.com.br\/portal\/index.php?rest_route=%2Fwp%2Fv2%2Fcategories&post=55641"},{"taxonomy":"post_tag","embeddable":true,"href":"https:\/\/aconteceunovale.com.br\/portal\/index.php?rest_route=%2Fwp%2Fv2%2Ftags&post=55641"}],"curies":[{"name":"wp","href":"https:\/\/api.w.org\/{rel}","templated":true}]}}