{"id":55342,"date":"2015-03-19T17:45:38","date_gmt":"2015-03-19T20:45:38","guid":{"rendered":"http:\/\/aconteceunovale.com.br\/portal\/?p=55342"},"modified":"2015-03-19T17:46:26","modified_gmt":"2015-03-19T20:46:26","slug":"deputado-tiririca-e-condenado-por-parodiar-musica-de-roberto-carlos","status":"publish","type":"post","link":"https:\/\/aconteceunovale.com.br\/portal\/?p=55342","title":{"rendered":"Deputado Tiririca \u00e9 condenado por parodiar m\u00fasica de Roberto Carlos"},"content":{"rendered":"<p>O humorista e deputado federal Tiririca (PR-SP) e o diret\u00f3rio regional do PR (Partido da Rep\u00fablica) foram condenados pela par\u00f3dia da m\u00fasica O Port\u00e3o, de Roberto e Erasmo Carlos, utilizada na propaganda eleitoral do ano passado. A senten\u00e7a foi dada na \u00faltima sexta-feira (13), pelo juiz M\u00e1rcio Teixeira Laranjo, da 21\u00aa Vara C\u00edvel de S\u00e3o Paulo.<\/p>\n<p>No hor\u00e1rio eleitoral de 2014, o candidato \u00e0 reelei\u00e7\u00e3o fez uma imita\u00e7\u00e3o de Roberto Carlos, com alus\u00f5es \u00e0 propaganda que o cantor fez de uma empresa frigor\u00edfica. Em vez de &#8220;Eu voltei\/ Agora pra ficar\/ Porque aqui \u00e9 o meu lugar&#8217;, Tiririca cantava &#8220;Eu votei\/ de novo eu vou votar\/ Tiririca, Bras\u00edlia \u00e9 o seu lugar&#8221;.<\/p>\n<p>O juiz embasa sua senten\u00e7a dizendo que par\u00f3dias tem car\u00e1ter humor\u00edstico. &#8220;No presente caso, constata-se que a can\u00e7\u00e3o integrou publicidade eleitoral veiculada em emissoras de televis\u00e3o, n\u00e3o em programa de humor. Alterou-se a letra da m\u00fasica com o objetivo de atrair eleitores para o candidato e para seu partido pol\u00edtico, ou seja, chamar de algum modo a aten\u00e7\u00e3o do eleitor para, quem sabe, merecer seu voto&#8221;, diz o magistrado.<\/p>\n<p>A decis\u00e3o foi dada em primeira inst\u00e2ncia. Cabe recurso.<\/p>\n<p><img decoding=\"async\" src=\"http:\/\/aconteceunovale.com.br\/portal\/wp-content\/uploads\/2015\/03\/tiririca_condenado.jpg\" alt=\"\" \/><em>Tiririca parodiou m\u00fasica de Roberto Carlos em propaganda eleitoral &#8211; Foto: Reprodu\u00e7\u00e3o<\/em><br \/>\n<\/br><\/p>\n<p><strong><em>(Fonte: Ag\u00eancia Estado)<\/em><\/strong><\/p>\n","protected":false},"excerpt":{"rendered":"<p>O humorista e deputado federal Tiririca (PR-SP) e o diret\u00f3rio regional do PR (Partido da Rep\u00fablica) foram condenados pela par\u00f3dia da m\u00fasica O Port\u00e3o, de Roberto e Erasmo Carlos, utilizada na propaganda eleitoral do ano passado. A senten\u00e7a foi dada na \u00faltima sexta-feira (13), pelo juiz M\u00e1rcio Teixeira Laranjo, da 21\u00aa Vara C\u00edvel de S\u00e3o [&hellip;]<\/p>\n","protected":false},"author":1,"featured_media":55343,"comment_status":"open","ping_status":"closed","sticky":false,"template":"","format":"standard","meta":{"amp_status":"","footnotes":""},"categories":[6],"tags":[38290,38287,38289,38288,38285,38294,38291,38295,38292,38293,38286,14180,14177],"class_list":["post-55342","post","type-post","status-publish","format-standard","has-post-thumbnail","hentry","category-br","tag-condenacao-do-deputado-tiririca","tag-deputado-tiririca","tag-deputado-tiririca-e-condenado","tag-deputado-tiririca-e-condenado-por-parodiar-musica-de-roberto-carlos","tag-deputado-tiririca-e-condenado-por-parodiar-musica-de-roberto-carlos-em-propaganda-eleitoral","tag-erasmo-carlos","tag-humorista-e-deputado-federal-tiririca","tag-marcio-teixeira-laranjo","tag-o-portao","tag-o-portao-de-roberto-e-erasmo-carlos","tag-propaganda-eleitoral-tiririca","tag-roberto-carlos","tag-tiririca"],"_links":{"self":[{"href":"https:\/\/aconteceunovale.com.br\/portal\/index.php?rest_route=\/wp\/v2\/posts\/55342","targetHints":{"allow":["GET"]}}],"collection":[{"href":"https:\/\/aconteceunovale.com.br\/portal\/index.php?rest_route=\/wp\/v2\/posts"}],"about":[{"href":"https:\/\/aconteceunovale.com.br\/portal\/index.php?rest_route=\/wp\/v2\/types\/post"}],"author":[{"embeddable":true,"href":"https:\/\/aconteceunovale.com.br\/portal\/index.php?rest_route=\/wp\/v2\/users\/1"}],"replies":[{"embeddable":true,"href":"https:\/\/aconteceunovale.com.br\/portal\/index.php?rest_route=%2Fwp%2Fv2%2Fcomments&post=55342"}],"version-history":[{"count":0,"href":"https:\/\/aconteceunovale.com.br\/portal\/index.php?rest_route=\/wp\/v2\/posts\/55342\/revisions"}],"wp:featuredmedia":[{"embeddable":true,"href":"https:\/\/aconteceunovale.com.br\/portal\/index.php?rest_route=\/wp\/v2\/media\/55343"}],"wp:attachment":[{"href":"https:\/\/aconteceunovale.com.br\/portal\/index.php?rest_route=%2Fwp%2Fv2%2Fmedia&parent=55342"}],"wp:term":[{"taxonomy":"category","embeddable":true,"href":"https:\/\/aconteceunovale.com.br\/portal\/index.php?rest_route=%2Fwp%2Fv2%2Fcategories&post=55342"},{"taxonomy":"post_tag","embeddable":true,"href":"https:\/\/aconteceunovale.com.br\/portal\/index.php?rest_route=%2Fwp%2Fv2%2Ftags&post=55342"}],"curies":[{"name":"wp","href":"https:\/\/api.w.org\/{rel}","templated":true}]}}