{"id":55340,"date":"2015-03-19T17:33:53","date_gmt":"2015-03-19T20:33:53","guid":{"rendered":"http:\/\/aconteceunovale.com.br\/portal\/?p=55340"},"modified":"2015-03-19T17:33:53","modified_gmt":"2015-03-19T20:33:53","slug":"governo-reconhece-situacao-de-emergencia-em-sete-municipios-do-norte-e-nordeste-de-minas","status":"publish","type":"post","link":"https:\/\/aconteceunovale.com.br\/portal\/?p=55340","title":{"rendered":"Governo reconhece situa\u00e7\u00e3o de emerg\u00eancia em sete munic\u00edpios do Norte e Nordeste de Minas"},"content":{"rendered":"<p>Portaria do Minist\u00e9rio da Integra\u00e7\u00e3o Nacional, publicada nesta quinta-feira, 19 de mar\u00e7o, no <a href=\"http:\/\/pesquisa.in.gov.br\/imprensa\/jsp\/visualiza\/index.jsp?jornal=1&#038;pagina=27&#038;data=19\/03\/2015\" target=\"_blank\">Di\u00e1rio Oficial da Uni\u00e3o (clique aqui para ler)<\/a>, reconhece situa\u00e7\u00e3o de emerg\u00eancia em 12 munic\u00edpios atingidos pela estiagem.<\/p>\n<p>No Esp\u00edrito Santo, as cidades que integram a lista s\u00e3o Ecoporanga, Itarana, Pedro Can\u00e1rio, Ponto Belo e Santa Teresa. Em Minas Gerais, os seguintes munic\u00edpios integram a lista: Claro dos Po\u00e7\u00f5es, Cris\u00f3lita, Joa\u00edma, Lassance, Medina, Padre Carvalho e Pedras de Maria da Cruz.<\/p>\n<p>A publica\u00e7\u00e3o da portaria permite que as cidades busquem de forma mais r\u00e1pida ajuda para as a\u00e7\u00f5es de socorro, assist\u00eancia e estabelecimento de servi\u00e7os essenciais nos locais afetados. A situa\u00e7\u00e3o de emerg\u00eancia facilita tamb\u00e9m a obten\u00e7\u00e3o de recursos para a reconstru\u00e7\u00e3o das \u00e1reas atingidas pelos desastres. (Ag\u00eancia Brasil)<\/p>\n","protected":false},"excerpt":{"rendered":"<p>Portaria do Minist\u00e9rio da Integra\u00e7\u00e3o Nacional, publicada nesta quinta-feira, 19 de mar\u00e7o, no Di\u00e1rio Oficial da Uni\u00e3o (clique aqui para ler), reconhece situa\u00e7\u00e3o de emerg\u00eancia em 12 munic\u00edpios atingidos pela estiagem. No Esp\u00edrito Santo, as cidades que integram a lista s\u00e3o Ecoporanga, Itarana, Pedro Can\u00e1rio, Ponto Belo e Santa Teresa. Em Minas Gerais, os seguintes [&hellip;]<\/p>\n","protected":false},"author":1,"featured_media":42997,"comment_status":"open","ping_status":"closed","sticky":false,"template":"","format":"standard","meta":{"amp_status":"","footnotes":""},"categories":[123],"tags":[38284,2801,2453,12492,38283,38279,611,2941,389,877,3723,38280,38281,38282],"class_list":["post-55340","post","type-post","status-publish","format-standard","has-post-thumbnail","hentry","category-gerais","tag-cidades-de-minas-e-do-espirito-santo-tem-situacao-de-emergencia-reconhecida","tag-claro-dos-pocoes","tag-crisolita","tag-ecoporanga","tag-governo-reconhece-situacao-de-emergencia-em-sete-municipios-do-norte-e-nordeste-de-minas","tag-itarana","tag-joaima","tag-lassance","tag-medina","tag-padre-carvalho","tag-pedras-de-maria-da-cruz","tag-pedro-canario","tag-ponto-belo","tag-santa-teresa"],"_links":{"self":[{"href":"https:\/\/aconteceunovale.com.br\/portal\/index.php?rest_route=\/wp\/v2\/posts\/55340","targetHints":{"allow":["GET"]}}],"collection":[{"href":"https:\/\/aconteceunovale.com.br\/portal\/index.php?rest_route=\/wp\/v2\/posts"}],"about":[{"href":"https:\/\/aconteceunovale.com.br\/portal\/index.php?rest_route=\/wp\/v2\/types\/post"}],"author":[{"embeddable":true,"href":"https:\/\/aconteceunovale.com.br\/portal\/index.php?rest_route=\/wp\/v2\/users\/1"}],"replies":[{"embeddable":true,"href":"https:\/\/aconteceunovale.com.br\/portal\/index.php?rest_route=%2Fwp%2Fv2%2Fcomments&post=55340"}],"version-history":[{"count":0,"href":"https:\/\/aconteceunovale.com.br\/portal\/index.php?rest_route=\/wp\/v2\/posts\/55340\/revisions"}],"wp:featuredmedia":[{"embeddable":true,"href":"https:\/\/aconteceunovale.com.br\/portal\/index.php?rest_route=\/wp\/v2\/media\/42997"}],"wp:attachment":[{"href":"https:\/\/aconteceunovale.com.br\/portal\/index.php?rest_route=%2Fwp%2Fv2%2Fmedia&parent=55340"}],"wp:term":[{"taxonomy":"category","embeddable":true,"href":"https:\/\/aconteceunovale.com.br\/portal\/index.php?rest_route=%2Fwp%2Fv2%2Fcategories&post=55340"},{"taxonomy":"post_tag","embeddable":true,"href":"https:\/\/aconteceunovale.com.br\/portal\/index.php?rest_route=%2Fwp%2Fv2%2Ftags&post=55340"}],"curies":[{"name":"wp","href":"https:\/\/api.w.org\/{rel}","templated":true}]}}