{"id":55330,"date":"2015-03-19T16:36:18","date_gmt":"2015-03-19T19:36:18","guid":{"rendered":"http:\/\/aconteceunovale.com.br\/portal\/?p=55330"},"modified":"2015-03-19T16:36:18","modified_gmt":"2015-03-19T19:36:18","slug":"governo-de-minas-gerais-autoriza-r-456-milhoes-para-a-area-de-ciencia-e-tecnologia","status":"publish","type":"post","link":"https:\/\/aconteceunovale.com.br\/portal\/?p=55330","title":{"rendered":"Governo de Minas Gerais autoriza R$ 456 milh\u00f5es para a \u00e1rea de ci\u00eancia e tecnologia"},"content":{"rendered":"<h4><strong><em>Governador exaltou durante o evento a solidez da democracia brasileira e assegurou que est\u00e1 comprometido em recuperar a capacidade de gerenciamento do Estado.<\/em><\/strong><\/h4>\n<p>O governador Fernando Pimentel participou na \u00faltima ter\u00e7a-feira (17\/3) da solenidade de assinatura de termo que autoriza a Funda\u00e7\u00e3o de Amparo \u00e0 Pesquisa do Estado de Minas Gerais (Fapemig) renovar conv\u00eanios com 86 institui\u00e7\u00f5es p\u00fablicas e privadas para a concess\u00e3o de bolsas voltadas \u00e0 \u00e1rea de ci\u00eancia e tecnologia. Os conv\u00eanios representam investimento de R$ 456 milh\u00f5es pelos pr\u00f3ximos cinco anos e v\u00e3o beneficiar tanto jovens talentos do ensino m\u00e9dio quanto pesquisadores de p\u00f3s-doutorado. O objetivo da parceria \u00e9 assegurar a possibilidade e o compromisso da Fapemig e, portanto, do governo de Minas Gerais, de repassar recursos visando \u00e0 manuten\u00e7\u00e3o e o fortalecimento do Sistema Mineiro de Ci\u00eancia e Tecnologia (C&#038;T).<\/p>\n<p>Tamb\u00e9m participaram da celebra\u00e7\u00e3o do termo, realizada no audit\u00f3rio da institui\u00e7\u00e3o de fomento \u00e0 pesquisa, o secret\u00e1rio de Estado de Ci\u00eancia, Tecnologia e Ensino Superior, Miguel Correa, o presidente da Fapemig, Evaldo Vilela, e, representando as institui\u00e7\u00f5es de ensino, o reitor da Universidade Federal de Minas Gerais (UFMG), Jaime Arturo Ram\u00edrez.<\/p>\n<p><img decoding=\"async\" src=\"http:\/\/aconteceunovale.com.br\/portal\/wp-content\/uploads\/2015\/03\/pimentel_autoriza.jpg\" alt=\"\" \/><em>Pimentel tamb\u00e9m reafirmou o compromisso do governo de Minas Gerais em investir na chamada \u201cEconomia do Conhecimento\u201d &#8211; Foto: Manoel Marques \/ Divulga\u00e7\u00e3o Ag\u00eancia Minas<\/em><br \/>\n<\/br><\/p>\n<p><strong>Est\u00edmulo \u00e0 pesquisa<\/strong><\/p>\n<p>Ap\u00f3s assinar o documento e assistir ao v\u00eddeo de apresenta\u00e7\u00e3o dos bolsistas, Pimentel rendeu uma homenagem \u00e0 Fapemig, bem como a toda comunidade cient\u00edfica de pesquisadores e de professores do Estado. \u201cO trabalho desenvolvido pela Fapemig tem dado certo, tem frutificado e, por isso mesmo, tem de continuar. Da\u00ed a import\u00e2ncia de renovarmos esses conv\u00eanios para os pr\u00f3ximos anos, para estimular a pesquisa, a ci\u00eancia e a tecnologia em Minas Gerais\u201d, disse.<\/p>\n<p>As bolsas fazem parte de quatro programas com diferentes objetivos. Um deles, o de Inicia\u00e7\u00e3o Cient\u00edfica e Tecnol\u00f3gica (PIBIC), \u00e9 respons\u00e1vel pela melhoria dos cursos de gradua\u00e7\u00e3o e forma\u00e7\u00e3o de quadros para a p\u00f3s-gradua\u00e7\u00e3o. J\u00e1 o de Apoio \u00e0 P\u00f3s-gradua\u00e7\u00e3o (PAPG) auxilia as atividades de desenvolvimento da programa\u00e7\u00e3o acad\u00eamica.<\/p>\n<p>Al\u00e9m destes, h\u00e1 ainda o de Inicia\u00e7\u00e3o Cient\u00edfica J\u00fanior (BicJr), que visa despertar o interesse de jovens do Ensino M\u00e9dio em ci\u00eancia e tecnologia; e o de Capacita\u00e7\u00e3o de Recursos Humanos (PCRH), que capacita pesquisadores e t\u00e9cnicos das institui\u00e7\u00f5es estaduais dedicadas \u00e0s atividades de CT&#038;I. Anualmente, a Fapemig apoia cerca de 3 mil projetos de pesquisas e concede cerca de 8 mil bolsas destinadas a pesquisas em ci\u00eancias, tecnologia e inova\u00e7\u00e3o.<\/p>\n<p><strong>Compromisso com a inova\u00e7\u00e3o<\/strong><\/p>\n<p>Pimentel tamb\u00e9m reafirmou o compromisso do Governo de Minas Gerais em investir na chamada \u201cEconomia do Conhecimento\u201d, para que a economia do Estado d\u00ea um salto de qualidade no s\u00e9culo 21. \u201cPrecisamos investir fortemente na inova\u00e7\u00e3o e termos uma economia voltada para o s\u00e9culo 21. N\u00e3o h\u00e1 mal nenhum em ter os p\u00e9s fincados no s\u00e9culo 20, desde que esses p\u00e9s nos garantam um salto para o s\u00e9culo 21. Temos um compromisso muito forte com a ci\u00eancia, tecnologia e inova\u00e7\u00e3o. Estamos claramente comprometidos com esse caminho\u201d, disse Pimentel.<\/p>\n<p>O presidente da Fapemig, Evaldo Vilela, elogiou o governo de Minas Gerais pelo empenho em fortalecer o setor de ci\u00eancia e tecnologia no Estado. A Companhia de Desenvolvimento Econ\u00f4mico de Minas Gerais (Codemig), segundo Vilela, vai atuar pela primeira vez para atrair investimentos na \u00e1rea. \u201cAplaudimos a iniciativa do governo para que a Codemig atue pela primeira vez na atra\u00e7\u00e3o de investimentos de base tecnol\u00f3gica, iniciativa esta que somos parceiros de primeira hora, j\u00e1 que a Fapemig est\u00e1 hoje estruturada como uma ag\u00eancia de inova\u00e7\u00e3o\u201d, disse.<\/p>\n<p><strong>Democracia<\/strong><\/p>\n<p>Em entrevista \u00e0 imprensa ap\u00f3s a solenidade, o governador Fernando Pimentel comentou as manifesta\u00e7\u00f5es populares dos \u00faltimos dias. Para ele, \u00e9 preciso que a sociedade perceba com \u201cnaturalidade\u201d e \u201ctranquilidade\u201d os atos p\u00fablicos em um pa\u00eds democr\u00e1tico, onde as institui\u00e7\u00f5es funcionam e as pessoas e a imprensa t\u00eam liberdade para se expressarem. Pimentel disse ainda ser preciso que os governos continuem trabalhando para atender a expectativa da popula\u00e7\u00e3o.<\/p>\n<p>\u201c\u00c9 o que estamos fazendo em Minas Gerais. Encontramos o Estado numa situa\u00e7\u00e3o dif\u00edcil, n\u00e3o \u00e9 segredo para ningu\u00e9m, do ponto de vista financeiro, or\u00e7ament\u00e1rio, mas tamb\u00e9m do ponto de vista de gest\u00e3o. Temos que corrigir isso. Estou muito comprometido com a tarefa de recuperar a capacidade de gerenciamento do Estado, recuperar a capacidade de planejamento e investimento e tocar Minas Gerais na dire\u00e7\u00e3o do futuro\u201d, afirmou. (Ag\u00eancia Minas)<\/p>\n","protected":false},"excerpt":{"rendered":"<p>Governador exaltou durante o evento a solidez da democracia brasileira e assegurou que est\u00e1 comprometido em recuperar a capacidade de gerenciamento do Estado. O governador Fernando Pimentel participou na \u00faltima ter\u00e7a-feira (17\/3) da solenidade de assinatura de termo que autoriza a Funda\u00e7\u00e3o de Amparo \u00e0 Pesquisa do Estado de Minas Gerais (Fapemig) renovar conv\u00eanios com [&hellip;]<\/p>\n","protected":false},"author":1,"featured_media":55331,"comment_status":"open","ping_status":"closed","sticky":false,"template":"","format":"standard","meta":{"amp_status":"","footnotes":""},"categories":[123],"tags":[38239,38246,38254,38241,28355,28354,38243,38250,29801,12826,38237,38240,38242,36781,29798,38238,38252,38253,38245,38244,38248,38255,38251,38249,38247],"class_list":["post-55330","post","type-post","status-publish","format-standard","has-post-thumbnail","hentry","category-gerais","tag-area-de-ciencia-e-tecnologia","tag-autoriza-r-456-milhoes-para-a-area-de-ciencia-e-tecnologia","tag-bicjr","tag-bolsas-na-area-de-ciencia-e-tecnologia","tag-codemig","tag-companhia-de-desenvolvimento-economico-de-minas-gerais","tag-economia-do-conhecimento","tag-evaldo-vilela","tag-fapemig","tag-fernando-pimentel","tag-fernando-pimentel-autoriza-r-456-milhoes-para-ciencia-e-tecnologia","tag-financiamento-de-bolsas-academicas-na-area-de-ciencia-e-tecnologia","tag-financiamento-de-projetos-na-area-de-ciencia-e-tecnologia","tag-fundacao-de-amparo-a-pesquisa-do-estado-de-minas-gerais","tag-governador-fernando-pimentel","tag-governo-de-minas-gerais-autoriza-r-456-milhoes-para-a-area-de-ciencia-e-tecnologia","tag-iniciacao-cientifica-e-tecnologica","tag-iniciacao-cientifica-junior","tag-investimento-de-r-456-milhoes-pelos-proximos-cinco-anos-e-vao-beneficiar-tanto-jovens-talentos-do-ensino-medio-quanto-pesquisadores-de-pos-doutorado","tag-investimento-na-economia-do-conhecimento","tag-miguel-correa","tag-pcrh","tag-pibic","tag-presidente-da-fapemig","tag-sistema-mineiro-de-ciencia-e-tecnologia"],"_links":{"self":[{"href":"https:\/\/aconteceunovale.com.br\/portal\/index.php?rest_route=\/wp\/v2\/posts\/55330","targetHints":{"allow":["GET"]}}],"collection":[{"href":"https:\/\/aconteceunovale.com.br\/portal\/index.php?rest_route=\/wp\/v2\/posts"}],"about":[{"href":"https:\/\/aconteceunovale.com.br\/portal\/index.php?rest_route=\/wp\/v2\/types\/post"}],"author":[{"embeddable":true,"href":"https:\/\/aconteceunovale.com.br\/portal\/index.php?rest_route=\/wp\/v2\/users\/1"}],"replies":[{"embeddable":true,"href":"https:\/\/aconteceunovale.com.br\/portal\/index.php?rest_route=%2Fwp%2Fv2%2Fcomments&post=55330"}],"version-history":[{"count":0,"href":"https:\/\/aconteceunovale.com.br\/portal\/index.php?rest_route=\/wp\/v2\/posts\/55330\/revisions"}],"wp:featuredmedia":[{"embeddable":true,"href":"https:\/\/aconteceunovale.com.br\/portal\/index.php?rest_route=\/wp\/v2\/media\/55331"}],"wp:attachment":[{"href":"https:\/\/aconteceunovale.com.br\/portal\/index.php?rest_route=%2Fwp%2Fv2%2Fmedia&parent=55330"}],"wp:term":[{"taxonomy":"category","embeddable":true,"href":"https:\/\/aconteceunovale.com.br\/portal\/index.php?rest_route=%2Fwp%2Fv2%2Fcategories&post=55330"},{"taxonomy":"post_tag","embeddable":true,"href":"https:\/\/aconteceunovale.com.br\/portal\/index.php?rest_route=%2Fwp%2Fv2%2Ftags&post=55330"}],"curies":[{"name":"wp","href":"https:\/\/api.w.org\/{rel}","templated":true}]}}