{"id":55327,"date":"2015-03-19T16:22:53","date_gmt":"2015-03-19T19:22:53","guid":{"rendered":"http:\/\/aconteceunovale.com.br\/portal\/?p=55327"},"modified":"2015-03-19T16:22:53","modified_gmt":"2015-03-19T19:22:53","slug":"olimpiada-internacional-matematica-sem-fronteiras-esta-com-inscricoes-abertas","status":"publish","type":"post","link":"https:\/\/aconteceunovale.com.br\/portal\/?p=55327","title":{"rendered":"Olimp\u00edada Internacional Matem\u00e1tica Sem Fronteiras est\u00e1 com inscri\u00e7\u00f5es abertas"},"content":{"rendered":"<h4><strong><em>Escolas p\u00fablicas podem se inscrever gratuitamente. Particulares devem pagar uma taxa no valor de R$ 189<\/em><\/strong><\/h4>\n<p>Est\u00e3o abertas at\u00e9 o dia 8 de abril as inscri\u00e7\u00f5es para a Olimp\u00edada Internacional Matem\u00e1tica Sem Fronteiras (MSF). Podem participar alunos dos anos iniciais e finais do Ensino Fundamental e do Ensino M\u00e9dio. As inscri\u00e7\u00f5es s\u00e3o gratuitas para escolas p\u00fablicas, j\u00e1\u00a0 para as particulares \u00e9 cobrada uma taxa no valor de R$ 189 como contribui\u00e7\u00e3o com o custeio das despesas administrativas do projeto. A inscri\u00e7\u00e3o dever\u00e1 ser feita pela escola, que designar\u00e1 um professor como respons\u00e1vel pela olimp\u00edada (professor-coordenador da MSF). Esse educador dever\u00e1 preencher a ficha de inscri\u00e7\u00e3o dispon\u00edvel no site\u00a0<a href=\"http:\/\/www.matematicasemfronteiras.org\" target=\"_blank\">www.matematicasemfronteiras.org<\/a>\u00a0at\u00e9 as 16h do dia 8 de abril.<\/p>\n<p>A olimp\u00edada possui somente uma fase e ser\u00e1 realizada na pr\u00f3pria escola em qualquer hor\u00e1rio no dia 10 de abril. As provas s\u00e3o dissertativas e devem ser resolvidas em equipe por cada classe inscrita, sem o aux\u00edlio do professor. A avalia\u00e7\u00e3o tem tr\u00eas n\u00edveis: b\u00e1sico (para alunos do 4\u00ba ao 6\u00ba ano do Ensino Fundamental); j\u00fanior (7\u00ba ao 9\u00ba ano do Ensino Fundamental) e s\u00eanior (Ensino M\u00e9dio). Cada prova tem uma quest\u00e3o em l\u00edngua estrangeira &#8211; espanhol, franc\u00eas e ingl\u00eas \u2013, que ser\u00e1 escolhida pela classe.<\/p>\n<p>Informa\u00e7\u00f5es sobre os resultados e a premia\u00e7\u00e3o ser\u00e3o divulgados no site da MSF at\u00e9 9 de junho. As escolas com classes premiadas receber\u00e3o comunicado via e-mail.\u00a0<a href=\"http:\/\/redepoc.com\/msf\/regulamento.html\" target=\"_blank\">Clique aqui e confira o regulamento completo da competi\u00e7\u00e3o<\/a>.<\/p>\n<p><strong>Olimp\u00edada Internacional Matem\u00e1tica Sem Fronteiras<\/strong><\/p>\n<p>O evento internacional\u00a0<em>Math\u00e9matiques sans Fronti\u00e8res<\/em>\u00a0foi criado em 1990 pela\u00a0<em>Acad\u00e9mie de Strasbourg<\/em>, juntamente com a\u00a0<em>Inspection P\u00e9dagogique R\u00e9gionale de Math\u00e9matiques<\/em>\u00a0e pelo IREM (<em>Institut de Recherche sur l&#8217;Enseignement des Math\u00e9matiques<\/em>) e \u00e9 organizado pela\u00a0<em>Association Math\u00e9matiques sans Fronti\u00e8res<\/em>, com sede em Strasbourg, Als\u00e1cia, Fran\u00e7a.<\/p>\n<p>No Brasil, a Olimp\u00edada Internacional Matem\u00e1tica sem Fronteiras (MSF) \u00e9 a se\u00e7\u00e3o brasileira do evento. No pa\u00eds, a competi\u00e7\u00e3o \u00e9 organizada pela Rede POC \u2013 Rede do Programa de Olimp\u00edadas do Conhecimento -, programa de interc\u00e2mbio cient\u00edfico que tem como objetivo estimular o interesse entre os estudantes pela inova\u00e7\u00e3o, pela Ci\u00eancia e pela Tecnologia \u2013 com o apoio do Consulado Geral da Fran\u00e7a em S\u00e3o Paulo, do Consed\u00a0 (Conselho Nacional de Secret\u00e1rios de Educa\u00e7\u00e3o), da Universidade Metodista de S\u00e3o Paulo e do Cenpec\u00a0 (Centro de Estudos e Pesquisas em Educa\u00e7\u00e3o, Cultura e A\u00e7\u00e3o Comunit\u00e1ri),\u00a0 institui\u00e7\u00e3o sem fins lucrativos ligada \u00e0 Funda\u00e7\u00e3o Ita\u00fa Social.<\/p>\n","protected":false},"excerpt":{"rendered":"<p>Escolas p\u00fablicas podem se inscrever gratuitamente. Particulares devem pagar uma taxa no valor de R$ 189 Est\u00e3o abertas at\u00e9 o dia 8 de abril as inscri\u00e7\u00f5es para a Olimp\u00edada Internacional Matem\u00e1tica Sem Fronteiras (MSF). Podem participar alunos dos anos iniciais e finais do Ensino Fundamental e do Ensino M\u00e9dio. As inscri\u00e7\u00f5es s\u00e3o gratuitas para escolas [&hellip;]<\/p>\n","protected":false},"author":1,"featured_media":55328,"comment_status":"open","ping_status":"closed","sticky":false,"template":"","format":"standard","meta":{"amp_status":"","footnotes":""},"categories":[28848],"tags":[38230,38235,26542,33950,38231,38233,38232,38229,38228,38227,38226,38236,38234],"class_list":["post-55327","post","type-post","status-publish","format-standard","has-post-thumbnail","hentry","category-mundo","tag-academie-de-strasbourg","tag-alsacia","tag-association-mathematiques-sans-frontieres","tag-franca","tag-inspection-pedagogique-regionale-de-mathematiques","tag-institut-de-recherche-sur-lenseignement-des-mathematiques","tag-irem","tag-mathematiques-sans-frontieres","tag-msf","tag-olimpiada-internacional-matematica","tag-olimpiada-internacional-matematica-sem-fronteiras","tag-olimpiada-internacional-matematica-sem-fronteiras-esta-com-inscricoes-abertas","tag-strasbourg"],"_links":{"self":[{"href":"https:\/\/aconteceunovale.com.br\/portal\/index.php?rest_route=\/wp\/v2\/posts\/55327","targetHints":{"allow":["GET"]}}],"collection":[{"href":"https:\/\/aconteceunovale.com.br\/portal\/index.php?rest_route=\/wp\/v2\/posts"}],"about":[{"href":"https:\/\/aconteceunovale.com.br\/portal\/index.php?rest_route=\/wp\/v2\/types\/post"}],"author":[{"embeddable":true,"href":"https:\/\/aconteceunovale.com.br\/portal\/index.php?rest_route=\/wp\/v2\/users\/1"}],"replies":[{"embeddable":true,"href":"https:\/\/aconteceunovale.com.br\/portal\/index.php?rest_route=%2Fwp%2Fv2%2Fcomments&post=55327"}],"version-history":[{"count":0,"href":"https:\/\/aconteceunovale.com.br\/portal\/index.php?rest_route=\/wp\/v2\/posts\/55327\/revisions"}],"wp:featuredmedia":[{"embeddable":true,"href":"https:\/\/aconteceunovale.com.br\/portal\/index.php?rest_route=\/wp\/v2\/media\/55328"}],"wp:attachment":[{"href":"https:\/\/aconteceunovale.com.br\/portal\/index.php?rest_route=%2Fwp%2Fv2%2Fmedia&parent=55327"}],"wp:term":[{"taxonomy":"category","embeddable":true,"href":"https:\/\/aconteceunovale.com.br\/portal\/index.php?rest_route=%2Fwp%2Fv2%2Fcategories&post=55327"},{"taxonomy":"post_tag","embeddable":true,"href":"https:\/\/aconteceunovale.com.br\/portal\/index.php?rest_route=%2Fwp%2Fv2%2Ftags&post=55327"}],"curies":[{"name":"wp","href":"https:\/\/api.w.org\/{rel}","templated":true}]}}