{"id":55325,"date":"2015-03-19T16:14:15","date_gmt":"2015-03-19T19:14:15","guid":{"rendered":"http:\/\/aconteceunovale.com.br\/portal\/?p=55325"},"modified":"2015-03-19T16:14:15","modified_gmt":"2015-03-19T19:14:15","slug":"comite-gestor-do-primeiro-corredor-ecologico-de-minas-gerais-cria-plano-de-acao","status":"publish","type":"post","link":"https:\/\/aconteceunovale.com.br\/portal\/?p=55325","title":{"rendered":"Comit\u00ea gestor do primeiro corredor ecol\u00f3gico de Minas Gerais cria plano de a\u00e7\u00e3o"},"content":{"rendered":"<h4><strong><em>Principais demandas s\u00e3o preserva\u00e7\u00e3o de nascentes e regulariza\u00e7\u00e3o ambiental das propriedades<\/em><\/strong><\/h4>\n<p>Representantes do Instituto Estadual de Florestas (IEF), prefeituras e organiza\u00e7\u00f5es da regi\u00e3o de Caratinga se reuniram nesta quarta-feira (18\/3) para discutir o plano de a\u00e7\u00e3o do Comit\u00ea Gestor respons\u00e1vel pela implanta\u00e7\u00e3o do Corredor Ecol\u00f3gico Sossego-Caratinga, o primeiro do Estado de Minas Gerais. O foco do encontro foi ouvir as demandas da comunidade e, com base nisso, criar o plano de a\u00e7\u00e3o. As principais quest\u00f5es levantadas pela popula\u00e7\u00e3o foram a necessidade de proteger as nascentes e remanescentes vegetais e d\u00favidas sobre a regulariza\u00e7\u00e3o ambiental das propriedades. \u201cA comunidade est\u00e1 participando mais e seus pedidos s\u00e3o coerentes. Pretendemos desenvolver grande parte deles, alguns a  m\u00e9dio e longo prazo\u201d explica o gerente de cria\u00e7\u00e3o de \u00c1reas Protegidas do IEF, Paulo Fernandes Scheid.<\/p>\n<p><img decoding=\"async\" src=\"http:\/\/aconteceunovale.com.br\/portal\/wp-content\/uploads\/2015\/03\/reuniao-define-detalhes-da-implantacao-do-primeiro-corredor-ecologico-do-estado.jpg\" alt=\"\" \/><em>Corredor Ecol\u00f3gico preservar\u00e1 esp\u00e9cias da Mata Atl\u00e2ntica \u2013 Foto: Divulga\u00e7\u00e3o\/Sisema<\/em> <\/br><\/p>\n<p>A pr\u00f3xima reuni\u00e3o, marcada para 28 de abril, ser\u00e1 feita para finalizar o regimento interno que vai definir como atuar\u00e1 o Comit\u00ea e quais ser\u00e3o os membros dos cinco grupos tem\u00e1ticos. Os temas Agroecologia e sistemas agroflorestais, Pol\u00edticas P\u00fablicas Para Conserva\u00e7\u00e3o, Pesquisa Cient\u00edfica, Fomento ao Turismo, Com\u00e9rcio e Economia e Educa\u00e7\u00e3o Ambiental e Divulga\u00e7\u00e3o ser\u00e3o trabalhados separadamente. A cada quatro meses todos o Comit\u00ea se re\u00fane para unificar o andamento do projeto. Depois de publicada esta composi\u00e7\u00e3o, come\u00e7am as a\u00e7\u00f5es.<\/p>\n<p><strong>Sobre o Corredor Ecol\u00f3gico Sossego-Caratinga<\/strong><\/p>\n<p>O objetivo principal do projeto \u00e9 promover a conex\u00e3o de \u00e1reas de Mata Atl\u00e2ntica da regi\u00e3o tendo como eixo de liga\u00e7\u00e3o as Reservas Particulares do Patrim\u00f4nio Natural Mata do Sossego, em Simon\u00e9sia, e Feliciano Miguel Abdala, em Caratinga, Para tal, o projeto prev\u00ea a\u00e7\u00f5es em uma \u00e1rea de 66.424,5607 hectares que est\u00e1 inserida em sete munic\u00edpios: Caratinga, Simon\u00e9sia, Manhua\u00e7u, Ipanema, Santa B\u00e1rbara do Leste, Santa Rita de Minas e Piedade de Caratinga. O principal objetivo do projeto \u00e9 priorizar e unificar investimentos e esfor\u00e7os para a conserva\u00e7\u00e3o e recupera\u00e7\u00e3o dessas \u00e1reas.<\/p>\n<p>O projeto Corredor Ecol\u00f3gico Sossego-Caratinga foi criado em 2014 fruto de uma parceria entre o IEF e a Funda\u00e7\u00e3o Biodiversitas. A regi\u00e3o est\u00e1 inserida no bioma Mata Atl\u00e2ntica e abriga rica biodiversidade, incluindo esp\u00e9cies amea\u00e7adas, em especial o muriqui-do-norte (Brachyteles hypoxantus), considerado criticamente amea\u00e7ada de extin\u00e7\u00e3o.<\/p>\n<p>O IEF, coordenador do Comit\u00ea, busca conservar e recuperar \u00e1reas de Mata Atl\u00e2ntica que est\u00e3o segmentadas e\/ou de responsabilidade das diversas inst\u00e2ncias municipais, estaduais e federais criando acordos de preserva\u00e7\u00e3o entre os respons\u00e1veis e em alguns casos a cria\u00e7\u00e3o de um espa\u00e7o verde que interligue as \u00e1reas e favore\u00e7a a prote\u00e7\u00e3o ambiental local. H\u00e1 proposta da cria\u00e7\u00e3o de outros corredores em todo o estado. (Ag\u00eancia Minas)<\/p>\n","protected":false},"excerpt":{"rendered":"<p>Principais demandas s\u00e3o preserva\u00e7\u00e3o de nascentes e regulariza\u00e7\u00e3o ambiental das propriedades Representantes do Instituto Estadual de Florestas (IEF), prefeituras e organiza\u00e7\u00f5es da regi\u00e3o de Caratinga se reuniram nesta quarta-feira (18\/3) para discutir o plano de a\u00e7\u00e3o do Comit\u00ea Gestor respons\u00e1vel pela implanta\u00e7\u00e3o do Corredor Ecol\u00f3gico Sossego-Caratinga, o primeiro do Estado de Minas Gerais. O foco [&hellip;]<\/p>\n","protected":false},"author":1,"featured_media":55009,"comment_status":"open","ping_status":"closed","sticky":false,"template":"","format":"standard","meta":{"amp_status":"","footnotes":""},"categories":[121],"tags":[237,37684,38219,38218,37686,37689,38223,748,38222,38221,1732,209,37688,38225,37691,308,38220,311,313,2451,38224],"class_list":["post-55325","post","type-post","status-publish","format-standard","has-post-thumbnail","hentry","category-leste","tag-caratinga","tag-comite-gestor-do-corredor-ecologico-sossego-caratinga","tag-comite-gestor-do-corredor-ecologico-sossego-caratinga-cria-plano-de-acao","tag-comite-gestor-do-primeiro-corredor-ecologico-de-minas-gerais-cria-plano-de-acao","tag-corredor-ecologico-sossego-caratinga","tag-feliciano-miguel-abdala","tag-gerente-de-criacao-de-areas-protegidas-do-ief","tag-ief","tag-implantacao-do-corredor-ecologico-sossego-caratinga","tag-instituto-estadual-de-florestas","tag-ipanema","tag-manhuacu","tag-mata-do-sossego","tag-mata-do-sossego-em-simonesia","tag-paulo-fernandes-scheid","tag-piedade-de-caratinga","tag-plano-de-acao-do-corredor-ecologico-sossego-caratinga","tag-santa-barbara-do-leste","tag-santa-rita-de-minas","tag-simonesia","tag-sobre-o-corredor-ecologico-sossego-caratinga"],"_links":{"self":[{"href":"https:\/\/aconteceunovale.com.br\/portal\/index.php?rest_route=\/wp\/v2\/posts\/55325","targetHints":{"allow":["GET"]}}],"collection":[{"href":"https:\/\/aconteceunovale.com.br\/portal\/index.php?rest_route=\/wp\/v2\/posts"}],"about":[{"href":"https:\/\/aconteceunovale.com.br\/portal\/index.php?rest_route=\/wp\/v2\/types\/post"}],"author":[{"embeddable":true,"href":"https:\/\/aconteceunovale.com.br\/portal\/index.php?rest_route=\/wp\/v2\/users\/1"}],"replies":[{"embeddable":true,"href":"https:\/\/aconteceunovale.com.br\/portal\/index.php?rest_route=%2Fwp%2Fv2%2Fcomments&post=55325"}],"version-history":[{"count":0,"href":"https:\/\/aconteceunovale.com.br\/portal\/index.php?rest_route=\/wp\/v2\/posts\/55325\/revisions"}],"wp:featuredmedia":[{"embeddable":true,"href":"https:\/\/aconteceunovale.com.br\/portal\/index.php?rest_route=\/wp\/v2\/media\/55009"}],"wp:attachment":[{"href":"https:\/\/aconteceunovale.com.br\/portal\/index.php?rest_route=%2Fwp%2Fv2%2Fmedia&parent=55325"}],"wp:term":[{"taxonomy":"category","embeddable":true,"href":"https:\/\/aconteceunovale.com.br\/portal\/index.php?rest_route=%2Fwp%2Fv2%2Fcategories&post=55325"},{"taxonomy":"post_tag","embeddable":true,"href":"https:\/\/aconteceunovale.com.br\/portal\/index.php?rest_route=%2Fwp%2Fv2%2Ftags&post=55325"}],"curies":[{"name":"wp","href":"https:\/\/api.w.org\/{rel}","templated":true}]}}