{"id":55278,"date":"2015-03-18T20:46:18","date_gmt":"2015-03-18T23:46:18","guid":{"rendered":"http:\/\/aconteceunovale.com.br\/portal\/?p=55278"},"modified":"2015-03-18T20:46:18","modified_gmt":"2015-03-18T23:46:18","slug":"funcionarios-dos-correios-iniciam-greve-contra-a-privatizacao-da-empresa","status":"publish","type":"post","link":"https:\/\/aconteceunovale.com.br\/portal\/?p=55278","title":{"rendered":"Funcion\u00e1rios dos Correios iniciam greve contra a privatiza\u00e7\u00e3o da empresa"},"content":{"rendered":"<h4><strong><em>Diretoria do sindicato da categoria conta que ainda n\u00e3o poss\u00edvel estimar o n\u00famero de ades\u00f5es porque elas est\u00e1 acontecendo de forma gradativa ao longo do dia.<\/em><\/strong><\/h4>\n<p>Funcion\u00e1rios da Empresa Brasileira de Correios e Tel\u00e9grafos de Minas Gerais est\u00e3o em greve por tempo indeterminado desde o in\u00edcio da madrugada desta quarta-feira, 18 de mar\u00e7o. A paralisa\u00e7\u00e3o tem alcance nacional e j\u00e1 conta com a participa\u00e7\u00e3o de outros cinco Estados do pa\u00eds.<\/p>\n<p><img decoding=\"async\" src=\"http:\/\/aconteceunovale.com.br\/portal\/wp-content\/uploads\/2015\/03\/greve_correios_mg.jpg\" alt=\"\" \/><em>Greve dos Correios come\u00e7a em todo o pa\u00eds &#8211; Foto: Jo\u00e3o Leus \/ O Tempo<\/em><br \/>\n<\/br><\/p>\n<p>Nove bases sindicais aderiram a greve. Em Minas Gerais, Bahia, S\u00e3o Jos\u00e9 do Rio Preto (SP) e Campinas (SP), foi deflagrada a greve por tempo indeterminado. Os Estados do Paran\u00e1 e de Santa Catarina declararam greve por 48 horas, nessa quarta e quinta-feira (18 e 19\/03). J\u00e1 o sindicato do Mato Grosso, da Para\u00edba e do Vale do Para\u00edba (SP) entraram em greve por 24 horas.<\/p>\n<p>A informa\u00e7\u00e3o \u00e9 da diretora do Sindicato dos Trabalhadores dos Correios de Minas Gerais (Sintect-MG), Irani Fernandes, que lembra que a principal luta da categoria \u00e9 contra a privatiza\u00e7\u00e3o da empresa.<\/p>\n<p>&#8220;N\u00e3o \u00e9 poss\u00edvel fazer uma estimativa da porcentagem de trabalhadores que est\u00e3o parados pois a cada instante chega a informa\u00e7\u00e3o de novas ades\u00f5es no interior do Estado e tamb\u00e9m na regi\u00e3o metropolitana de Belo Horizonte, mas um n\u00famero expressivo de funcion\u00e1rios j\u00e1 aderiu a greve&#8221;, afirma. A diretora ressalta ainda que a privatiza\u00e7\u00e3o est\u00e1 sendo realizada aos poucos e afirma que &#8220;a CorreiosPar foi criada para acelerar esse processo&#8221;. <\/p>\n<p>Al\u00e9m de o eixo principal ser a luta contra a privatiza\u00e7\u00e3o, outros aspectos tamb\u00e9m causam a insatisfa\u00e7\u00e3o dos trabalhadores: &#8220;a redu\u00e7\u00e3o nos direitos dos trabalhadores, a discuss\u00e3o a respeito do vale alimenta\u00e7\u00e3o, do plano de sa\u00fade e o rombo no fundo de pens\u00e3o que ser\u00e1 repassado aos trabalhadores tamb\u00e9m est\u00e3o na pauta de negocia\u00e7\u00f5es&#8221;, comentou Fernandes.<\/p>\n<p>Os funcion\u00e1rios realizam uma caminhada desde 13h desta quarta, a partir da ag\u00eancia dos Correios localizada na avenida Afonso Pena, no centro da capital, com destino a Assembleia Legislativa de Minas Gerais (ALMG), onde participar\u00e3o de uma audi\u00eancia p\u00fablica marcada para as 14h30.<\/p>\n<p><strong>Nota dos Correios<\/strong><\/p>\n<p>Em nota, a Assessoria de Comunica\u00e7\u00e3o dos Correios de Minas Gerais informou que as ag\u00eancias do estado est\u00e3o operando dentro da normalidade. Toda a rede de atendimento est\u00e1 aberta e todos os servi\u00e7os, inclusive a entrega de Sedex e o Banco Postal, est\u00e3o dispon\u00edveis. Do total de 36 sindicatos de trabalhadores dos Correios, 19 n\u00e3o est\u00e3o promovendo movimento de paralisa\u00e7\u00e3o; cinco optaram por n\u00e3o aderir; tr\u00eas ainda ir\u00e3o realizar assembleias e nove deflagraram paralisa\u00e7\u00e3o parcial na noite de ontem.<\/p>\n<p>Ainda segundo a nota, levantamento parcial realizado nesta quarta-feira (18) mostra que 98,66% do efetivo total dos Correios no Brasil est\u00e1 presente e trabalhando \u2014 o que corresponde a 118.695 empregados, n\u00famero apurado por meio de sistema eletr\u00f4nico de presen\u00e7a. Nos locais em que h\u00e1 paralisa\u00e7\u00e3o, o movimento est\u00e1 concentrado na \u00e1rea de distribui\u00e7\u00e3o \u2014 do total de 11.219 carteiros que deveriam trabalhar hoje nos oito Estados, 1.485 n\u00e3o compareceram (13,24%) &#8211; Em MG o n\u00famero de empregados que aderiram ao movimento de paralisa\u00e7\u00e3o \u00e9 de 134 funcion\u00e1rios, o que representa somente cerca de 1% do efetivo do estado &#8211; assim pode ocorrer atraso na entrega de cartas e encomendas.<\/p>\n<p>Sobre a pauta de reivindica\u00e7\u00f5es da Fentect, a Ascom dos Correios de Minas Gerais informou que n\u00e3o existem planos para privatiza\u00e7\u00e3o da empresa. No in\u00edcio deste ano a estatal apresentou um projeto de reestrutura\u00e7\u00e3o interna, que n\u00e3o possui qualquer rela\u00e7\u00e3o com o capital dos Correios, que permanece 100% p\u00fablico. A cria\u00e7\u00e3o de subsidi\u00e1rias faz parte do processo de revitaliza\u00e7\u00e3o e fortalecimento dos Correios, com base na legisla\u00e7\u00e3o, para diversificar sua \u00e1rea de atua\u00e7\u00e3o, rentabilizar a estrutura existente e garantir a sustentabilidade da empresa. Atualmente est\u00e3o em andamento projetos para cria\u00e7\u00e3o de empresas para atuar nos segmentos financeiro, de comunica\u00e7\u00e3o digital e de log\u00edstica integrada. Essas institui\u00e7\u00f5es ser\u00e3o administradas pela CorreiosPar &#8211; subsidi\u00e1ria de capital 100% estatal &#8211; em um modelo de administra\u00e7\u00e3o que j\u00e1 \u00e9 adotado hoje por empresas p\u00fablicas brasileiras.<\/p>\n<p>A respeito do Postal Sa\u00fade, foi divulgado que o assunto j\u00e1 foi julgado pelo TST em mar\u00e7o de 2014. O Tribunal reafirmou a legitimidade da Postal Sa\u00fade, caixa de assist\u00eancia que realiza a gest\u00e3o do plano de sa\u00fade dos trabalhadores dos Correios. Por unanimidade, o Tribunal decidiu pela abusividade da greve movida contra a Postal Sa\u00fade e tamb\u00e9m determinou o desconto de 15 dias de sal\u00e1rio de cada trabalhador que aderiu ao movimento.<\/p>\n<p><strong><em>(Fonte: O Tempo \/ Ascom dos Correios de Minas Gerais)<\/em><\/strong><\/p>\n","protected":false},"excerpt":{"rendered":"<p>Diretoria do sindicato da categoria conta que ainda n\u00e3o poss\u00edvel estimar o n\u00famero de ades\u00f5es porque elas est\u00e1 acontecendo de forma gradativa ao longo do dia. Funcion\u00e1rios da Empresa Brasileira de Correios e Tel\u00e9grafos de Minas Gerais est\u00e3o em greve por tempo indeterminado desde o in\u00edcio da madrugada desta quarta-feira, 18 de mar\u00e7o. A paralisa\u00e7\u00e3o [&hellip;]<\/p>\n","protected":false},"author":1,"featured_media":55279,"comment_status":"open","ping_status":"closed","sticky":false,"template":"","format":"standard","meta":{"amp_status":"","footnotes":""},"categories":[123],"tags":[246,38117,1018,38116,38110,38119,38111,38112,38114,38113,38115,38118],"class_list":["post-55278","post","type-post","status-publish","format-standard","has-post-thumbnail","hentry","category-gerais","tag-correios","tag-correiospar","tag-destaque","tag-funcionarios-da-empresa-brasileira-de-correios-e-telegrafos-de-minas-gerais-estao-em-greve-por-tempo-indeterminado-desde-o-inicio-da-madrugada-desta-quarta-feira","tag-funcionarios-dos-correios-iniciam-greve-contra-a-privatizacao","tag-funcionarios-dos-correios-iniciam-greve-contra-a-privatizacao-da-empresa","tag-greve-contra-a-privatizacao","tag-greve-contra-a-privatizacao-dos-correios","tag-greve-correios","tag-greve-de-funcionarios-dos-correios","tag-greve-funcionarios-correios","tag-postal-saude"],"_links":{"self":[{"href":"https:\/\/aconteceunovale.com.br\/portal\/index.php?rest_route=\/wp\/v2\/posts\/55278","targetHints":{"allow":["GET"]}}],"collection":[{"href":"https:\/\/aconteceunovale.com.br\/portal\/index.php?rest_route=\/wp\/v2\/posts"}],"about":[{"href":"https:\/\/aconteceunovale.com.br\/portal\/index.php?rest_route=\/wp\/v2\/types\/post"}],"author":[{"embeddable":true,"href":"https:\/\/aconteceunovale.com.br\/portal\/index.php?rest_route=\/wp\/v2\/users\/1"}],"replies":[{"embeddable":true,"href":"https:\/\/aconteceunovale.com.br\/portal\/index.php?rest_route=%2Fwp%2Fv2%2Fcomments&post=55278"}],"version-history":[{"count":0,"href":"https:\/\/aconteceunovale.com.br\/portal\/index.php?rest_route=\/wp\/v2\/posts\/55278\/revisions"}],"wp:featuredmedia":[{"embeddable":true,"href":"https:\/\/aconteceunovale.com.br\/portal\/index.php?rest_route=\/wp\/v2\/media\/55279"}],"wp:attachment":[{"href":"https:\/\/aconteceunovale.com.br\/portal\/index.php?rest_route=%2Fwp%2Fv2%2Fmedia&parent=55278"}],"wp:term":[{"taxonomy":"category","embeddable":true,"href":"https:\/\/aconteceunovale.com.br\/portal\/index.php?rest_route=%2Fwp%2Fv2%2Fcategories&post=55278"},{"taxonomy":"post_tag","embeddable":true,"href":"https:\/\/aconteceunovale.com.br\/portal\/index.php?rest_route=%2Fwp%2Fv2%2Ftags&post=55278"}],"curies":[{"name":"wp","href":"https:\/\/api.w.org\/{rel}","templated":true}]}}