{"id":55271,"date":"2015-03-18T20:01:34","date_gmt":"2015-03-18T23:01:34","guid":{"rendered":"http:\/\/aconteceunovale.com.br\/portal\/?p=55271"},"modified":"2015-03-18T20:01:34","modified_gmt":"2015-03-18T23:01:34","slug":"municipios-dos-vales-do-jequitinhonha-e-mucuri-sofrem-com-quedas-de-energia","status":"publish","type":"post","link":"https:\/\/aconteceunovale.com.br\/portal\/?p=55271","title":{"rendered":"Munic\u00edpios dos Vales do Jequitinhonha e Mucuri sofrem com quedas de energia"},"content":{"rendered":"<h4><strong><em>V\u00e1rias cidades foram afetadas. Cemig informou que a queda de energia foi provocada pelo desarme de uma linha de transmiss\u00e3o de 230 KV.<\/em><\/strong><\/h4>\n<p>V\u00e1rios munic\u00edpios dos Vales do Jequitinhonha e Mucuri foram afetados por interrup\u00e7\u00f5es de energia durante a tarde desta quarta-feira, 18 de mar\u00e7o. Em algumas delas, o fornecimento foi interrompido totalmente.<\/p>\n<p>Em nota, a Companhia Energ\u00e9tica de Minas Gerais (Cemig) informou que o desarme da linha de transmiss\u00e3o de 230 kV, que liga as subesta\u00e7\u00f5es Irap\u00e9 e Ara\u00e7ua\u00ed, no Vale do Jequitinhonha, interrompeu o fornecimento de energia a v\u00e1rios munic\u00edpios da regi\u00e3o.<\/p>\n<p>O desligamento da rede ocorreu \u00e0s 15h17, e o restabelecimento da energia nos munic\u00edpios atingidos aconteceu de forma gradativa. \u00c0s 16h04, todos os clientes da Concession\u00e1ria j\u00e1 estavam com o fornecimento de eletricidade normalizado.<\/p>\n<p>Alguns dos munic\u00edpios afetados foram Te\u00f3filo Otoni, Ara\u00e7ua\u00ed, Almenara, Jequitinhonha e Pedra Azul. A Cemig informou tamb\u00e9m que est\u00e1 apurando as causas da ocorr\u00eancia.<\/p>\n","protected":false},"excerpt":{"rendered":"<p>V\u00e1rias cidades foram afetadas. Cemig informou que a queda de energia foi provocada pelo desarme de uma linha de transmiss\u00e3o de 230 KV. V\u00e1rios munic\u00edpios dos Vales do Jequitinhonha e Mucuri foram afetados por interrup\u00e7\u00f5es de energia durante a tarde desta quarta-feira, 18 de mar\u00e7o. Em algumas delas, o fornecimento foi interrompido totalmente. Em nota, [&hellip;]<\/p>\n","protected":false},"author":1,"featured_media":55272,"comment_status":"open","ping_status":"closed","sticky":false,"template":"","format":"standard","meta":{"amp_status":"","footnotes":""},"categories":[120],"tags":[1536,142,186,132,1175,136,191,149,408,34252,226,38100,252,455,3139,164],"class_list":["post-55271","post","type-post","status-publish","format-standard","has-post-thumbnail","hentry","category-jequi","tag-aguas-formosas","tag-almenara","tag-aracuai","tag-capelinha","tag-carlos-chagas","tag-felisburgo","tag-itaipe","tag-itamarandiba","tag-jacinto","tag-jequitinhonha","tag-malacacheta","tag-municipios-dos-vales-do-jequitinhonha-e-mucuri-sofrem-com-quedas-de-energia","tag-nanuque","tag-pedra-azul","tag-pote","tag-teofilo-otoni"],"_links":{"self":[{"href":"https:\/\/aconteceunovale.com.br\/portal\/index.php?rest_route=\/wp\/v2\/posts\/55271","targetHints":{"allow":["GET"]}}],"collection":[{"href":"https:\/\/aconteceunovale.com.br\/portal\/index.php?rest_route=\/wp\/v2\/posts"}],"about":[{"href":"https:\/\/aconteceunovale.com.br\/portal\/index.php?rest_route=\/wp\/v2\/types\/post"}],"author":[{"embeddable":true,"href":"https:\/\/aconteceunovale.com.br\/portal\/index.php?rest_route=\/wp\/v2\/users\/1"}],"replies":[{"embeddable":true,"href":"https:\/\/aconteceunovale.com.br\/portal\/index.php?rest_route=%2Fwp%2Fv2%2Fcomments&post=55271"}],"version-history":[{"count":0,"href":"https:\/\/aconteceunovale.com.br\/portal\/index.php?rest_route=\/wp\/v2\/posts\/55271\/revisions"}],"wp:featuredmedia":[{"embeddable":true,"href":"https:\/\/aconteceunovale.com.br\/portal\/index.php?rest_route=\/wp\/v2\/media\/55272"}],"wp:attachment":[{"href":"https:\/\/aconteceunovale.com.br\/portal\/index.php?rest_route=%2Fwp%2Fv2%2Fmedia&parent=55271"}],"wp:term":[{"taxonomy":"category","embeddable":true,"href":"https:\/\/aconteceunovale.com.br\/portal\/index.php?rest_route=%2Fwp%2Fv2%2Fcategories&post=55271"},{"taxonomy":"post_tag","embeddable":true,"href":"https:\/\/aconteceunovale.com.br\/portal\/index.php?rest_route=%2Fwp%2Fv2%2Ftags&post=55271"}],"curies":[{"name":"wp","href":"https:\/\/api.w.org\/{rel}","templated":true}]}}