{"id":55208,"date":"2015-03-17T19:27:31","date_gmt":"2015-03-17T22:27:31","guid":{"rendered":"http:\/\/aconteceunovale.com.br\/portal\/?p=55208"},"modified":"2015-03-17T19:30:33","modified_gmt":"2015-03-17T22:30:33","slug":"integrantes-do-mst-invadem-o-predio-da-prefeitura-de-felisburgo-2","status":"publish","type":"post","link":"https:\/\/aconteceunovale.com.br\/portal\/?p=55208","title":{"rendered":"Integrantes do MST invadem o pr\u00e9dio da Prefeitura de Felizburgo"},"content":{"rendered":"<h4><em><strong>Eles pedem melhorias na infraestrutura do acampamento Terra Prometida, al\u00e9m de melhores condi\u00e7\u00f5es de acesso \u00e0 sa\u00fade, educa\u00e7\u00e3o e transporte escolar.<\/strong><\/em><\/h4>\n<p>Cerca de 40 integrantes do Movimento dos Trabalhadores Rurais Sem Terra (MST) ocuparam na manh\u00e3 desta ter\u00e7a-feira, 17 de mar\u00e7o, o pr\u00e9dio da Prefeitura Municipal de Felizburgo, no Vale do Jequitinhonha. Os manifestantes pedem melhorias na infraestrutura do Acampamento Terra Prometida, al\u00e9m de melhores condi\u00e7\u00f5es de acesso \u00e0 sa\u00fade, educa\u00e7\u00e3o e transporte escolar.<\/p>\n<p>De acordo com a Pol\u00edcia Militar, o protesto foi feito de forma pac\u00edfica. Os manifestantes disseram que s\u00f3 deixariam o pr\u00e9dio ap\u00f3s uma reuni\u00e3o com o prefeito do munic\u00edpio, Edm\u00e1rio Dias da Rocha (DEM).<\/p>\n<p><img decoding=\"async\" src=\"http:\/\/aconteceunovale.com.br\/portal\/wp-content\/uploads\/2015\/03\/mst_felisburgo.jpg\" alt=\"\" \/><em>Manifestantes pedem melhorias na infraestrutura de acampamento (Foto: Divulga\u00e7\u00e3o\/MST)<\/em><\/p>\n","protected":false},"excerpt":{"rendered":"<p>Eles pedem melhorias na infraestrutura do acampamento Terra Prometida, al\u00e9m de melhores condi\u00e7\u00f5es de acesso \u00e0 sa\u00fade, educa\u00e7\u00e3o e transporte escolar. Cerca de 40 integrantes do Movimento dos Trabalhadores Rurais Sem Terra (MST) ocuparam na manh\u00e3 desta ter\u00e7a-feira, 17 de mar\u00e7o, o pr\u00e9dio da Prefeitura Municipal de Felizburgo, no Vale do Jequitinhonha. Os manifestantes pedem [&hellip;]<\/p>\n","protected":false},"author":1,"featured_media":55206,"comment_status":"open","ping_status":"closed","sticky":false,"template":"","format":"standard","meta":{"amp_status":"","footnotes":""},"categories":[120],"tags":[24804,37990,136,37991,37985,36873,16686,37986,37992,37995,37989,37987,37993,37988,37994],"class_list":["post-55208","post","type-post","status-publish","format-standard","has-post-thumbnail","hentry","category-jequi","tag-acampamento-terra-prometida","tag-edmario-dias-da-rocha","tag-felisburgo","tag-felizburgo","tag-integrantes-do-mst-invadem-o-predio-da-prefeitura-de-felisburgo","tag-movimento-dos-trabalhadores-rurais-sem-terra","tag-mst","tag-mst-felisburgo","tag-mst-felizburgo","tag-ocupacao-da-prefeitura-municipal-de-felizburgo","tag-ocupacao-do-prefeitura-municipal-de-felisburgo","tag-prefeitura-de-felisburgo","tag-prefeitura-de-felizburgo","tag-prefeitura-municipal-de-felisburgo","tag-prefeitura-municipal-de-felizburgo"],"_links":{"self":[{"href":"https:\/\/aconteceunovale.com.br\/portal\/index.php?rest_route=\/wp\/v2\/posts\/55208","targetHints":{"allow":["GET"]}}],"collection":[{"href":"https:\/\/aconteceunovale.com.br\/portal\/index.php?rest_route=\/wp\/v2\/posts"}],"about":[{"href":"https:\/\/aconteceunovale.com.br\/portal\/index.php?rest_route=\/wp\/v2\/types\/post"}],"author":[{"embeddable":true,"href":"https:\/\/aconteceunovale.com.br\/portal\/index.php?rest_route=\/wp\/v2\/users\/1"}],"replies":[{"embeddable":true,"href":"https:\/\/aconteceunovale.com.br\/portal\/index.php?rest_route=%2Fwp%2Fv2%2Fcomments&post=55208"}],"version-history":[{"count":0,"href":"https:\/\/aconteceunovale.com.br\/portal\/index.php?rest_route=\/wp\/v2\/posts\/55208\/revisions"}],"wp:featuredmedia":[{"embeddable":true,"href":"https:\/\/aconteceunovale.com.br\/portal\/index.php?rest_route=\/wp\/v2\/media\/55206"}],"wp:attachment":[{"href":"https:\/\/aconteceunovale.com.br\/portal\/index.php?rest_route=%2Fwp%2Fv2%2Fmedia&parent=55208"}],"wp:term":[{"taxonomy":"category","embeddable":true,"href":"https:\/\/aconteceunovale.com.br\/portal\/index.php?rest_route=%2Fwp%2Fv2%2Fcategories&post=55208"},{"taxonomy":"post_tag","embeddable":true,"href":"https:\/\/aconteceunovale.com.br\/portal\/index.php?rest_route=%2Fwp%2Fv2%2Ftags&post=55208"}],"curies":[{"name":"wp","href":"https:\/\/api.w.org\/{rel}","templated":true}]}}