{"id":55187,"date":"2015-03-17T11:07:25","date_gmt":"2015-03-17T14:07:25","guid":{"rendered":"http:\/\/aconteceunovale.com.br\/portal\/?p=55187"},"modified":"2015-03-17T20:23:13","modified_gmt":"2015-03-17T23:23:13","slug":"professores-do-colegio-genoma-morrem-em-acidente-na-br-381","status":"publish","type":"post","link":"https:\/\/aconteceunovale.com.br\/portal\/?p=55187","title":{"rendered":"Professores do Col\u00e9gio Genoma morrem em acidente na BR-381"},"content":{"rendered":"<h4><em><strong>Acidente aconteceu pr\u00f3ximo a Periquito. Carro bateu na lateral de um caminh\u00e3o que invadiu a contram\u00e3o. <\/strong><\/em><\/h4>\n<p>Um acidente deixou tr\u00eas mortos na noite dessa segunda-feira, 16 de mar\u00e7o, na BR-381, em Periquito, no Leste de Minas Gerais. De acordo com a Pol\u00edcia Rodovi\u00e1ria Federal (PRF), as v\u00edtimas estavam em Fiat Siena que se envolveu em uma colis\u00e3o lateral com um caminh\u00e3o no km 183 da rodovia. <\/p>\n<p>Segundo o policial rodovi\u00e1rio Weber, o trecho \u00e9 uma reta sem riscos ou hist\u00f3rico de grandes acidentes. Ele acredita que o motorista do caminh\u00e3o placas GOC-5010, Ronaldo Alves Portes, de 53 anos, tenha cochilado ao volante, atingindo o Siena placas PUH-4395 de Governador Valadares, que ficou completamente destru\u00eddo. \u201cOutra hip\u00f3tese era ele (caminhoneiro) estar passando mal, o que parece pouco prov\u00e1vel\u201d.<\/p>\n<p>Segundo o Corpo de Bombeiros, o carro capotou devido ao impacto e ficou destru\u00eddo. As v\u00edtimas ficaram presas \u00e0s ferragens e foi preciso cortar parte da lataria do Siena para a retirada dos corpos. Morreram na trag\u00e9dia o motorista do ve\u00edculo, Nilson Teodoro Lacerda, de 39 anos, e os passageiros Paulo S\u00e9rgio Oliveira, de 52, e Andr\u00e9 Marconi Ribeiro Leite, 42. <\/p>\n<p>Os corpos foram levados para o Posto de Per\u00edcias Integradas (PPI) em Valadares e a previs\u00e3o \u00e9 que seriam liberados no final da manh\u00e3 de hoje (17) para vel\u00f3rio e sepultamento em Belo Horizonte. <\/p>\n<p>Paulo e Andr\u00e9 s\u00e3o professores e trabalhavam na rede de ensino Genoma, em Governador Valadares, e no momento do acidente retornavam de uma unidade do pr\u00e9-universit\u00e1rio em Ipatinga. A morte dos educadores gerou grande como\u00e7\u00e3o entre estudantes da capital e interior. <\/p>\n<p>Al\u00e9m de lecionar qu\u00edmica na rede de ensino Genoma, Andr\u00e9 foi professor no Col\u00e9gio Bernoulli e no pr\u00e9-vestibular Soma, ambos em Belo Horizonte. Paulo S\u00e9rgio, professor de hist\u00f3ria e atualidades, tamb\u00e9m dava aulas no Pro Labore Cursos Jur\u00eddicos e Meritus Online.<\/p>\n<p><img decoding=\"async\" src=\"http:\/\/aconteceunovale.com.br\/portal\/wp-content\/uploads\/2015\/03\/acidente_professores_genoma_1.jpg\" alt=\"\" \/><em>Dois professores do Col\u00e9gio Genoma morreram no acidente &#8211; Foto: Reprodu\u00e7\u00e3o \/ TV Super Canal<\/em><br \/>\n<\/br><\/p>\n<h4><strong>Homenagens<\/strong><\/h4>\n<p>A morte dos professores gera uma grande como\u00e7\u00e3o entre os alunos, que usam as redes sociais para agradecer pelos ensinamentos. Veja algumas mensagens:<\/p>\n<p>\u201cOs bons morrem jovens, \u00e9 assim que parece ser quando me lembro de voc\u00ea . #Eternomestre &#8221;<\/p>\n<p>\u201c\u00c9 com muita tristeza que venho aqui prestar minhas condol\u00eancias a esta fam\u00edlia. Eu estou sem conseguir acreditar at\u00e9 agora. Que tristeza imensa. Andr\u00e9 Marconi. \u00c9 inacredit\u00e1vel que isto seja verdade. N\u00e3o vou delongar muito pois estou num turbilh\u00e3o inacredit\u00e1vel. Deus te de um bom lugar querido professor e amigo. Meus sentimentos \u00e0 todos os familiares e amigos\u201d (SIC).<\/p>\n<p>\u201cSe lembra quando a gente chegou um dia a acreditar&#8230;Que tudo era pra sempre,sem saber, que o &#8216;pra sempre&#8217;,sempre acaba.. ?#?ComMeuCora\u00e7aoDeLuto? &#8221;Mas nada vai conseguir mudar o que ficou&#8221; ?#?Mestres? ?#?VaiDeixarSaudades? ?#?MelhoresAulas? ?#?Quimica? ?#?Atualidades? ?#?Historias? ?#?Amigos? ?#?SempreEternos\u201d (SIC).<\/p>\n<p>\u201cMuito al\u00e9m de professores voc\u00eas eram amigos, n\u00e3o t\u00f4 acreditando ainda que voc\u00eas se foram! Que Deus conforte suas fam\u00edlias! E tamb\u00e9m a fam\u00edlia Genoma\u201d (SIC).<\/p>\n<p>\u201cGrande Paulo S\u00e9rgio Oliveira, s\u00f3 tenho a agradecer de nossos caminhos terem se cruzado um dia. Definitivamente voc\u00ea foi uma das melhores pessoas que fizeram parte da minha vida escolar. Seus ensinamentos s\u00e3o eternos mestre. Descanse em paz. ?#?Luto?\u201d (SIC).<br \/>\n<\/br><\/p>\n<h4><strong>Luto<\/strong><\/h4>\n<p>O Genoma n\u00e3o abriu nesta ter\u00e7a-feira (17) e ficar\u00e1 fechado de luto at\u00e9 esta sexta-feira (20), segundo informou uma secret\u00e1ria. A assessoria de comunica\u00e7\u00e3o do Soma disse que as aulas foram canceladas nesta ter\u00e7a-feira.<\/p>\n<p><img decoding=\"async\" src=\"http:\/\/aconteceunovale.com.br\/portal\/wp-content\/uploads\/2015\/03\/acidente_professores_genoma_2.jpg\" alt=\"\" \/><em>Dois professores do Col\u00e9gio Genoma morreram no acidente &#8211; Foto: Reprodu\u00e7\u00e3o \/ TV Super Canal<\/em><br \/>\n<\/br><\/p>\n<p><img decoding=\"async\" src=\"http:\/\/aconteceunovale.com.br\/portal\/wp-content\/uploads\/2015\/03\/acidente_professores_genoma_3.jpg\" alt=\"\" \/><em>Dois professores do Col\u00e9gio Genoma morreram no acidente &#8211; Foto: Reprodu\u00e7\u00e3o \/ TV Super Canal<\/em><br \/>\n<\/br><\/p>\n<p><img decoding=\"async\" src=\"http:\/\/aconteceunovale.com.br\/portal\/wp-content\/uploads\/2015\/03\/acidente_professores_genoma_4.jpg\" alt=\"\" \/><em>Dois professores do Col\u00e9gio Genoma morreram no acidente &#8211; Foto: Corpo de Bombeiros<\/em><br \/>\n<\/br><\/p>\n<p><img decoding=\"async\" src=\"http:\/\/aconteceunovale.com.br\/portal\/wp-content\/uploads\/2015\/03\/acidente_professores_genoma_5.jpg\" alt=\"\" \/><em>Dois professores do Col\u00e9gio Genoma morreram no acidente &#8211; Foto: Corpo de Bombeiros<\/em><br \/>\n<\/br><\/p>\n<p><em>(Fonte: Estado de Minas \/ Hoje em Dia \/ O Tempo)<\/em><\/p>\n","protected":false},"excerpt":{"rendered":"<p>Acidente aconteceu pr\u00f3ximo a Periquito. Carro bateu na lateral de um caminh\u00e3o que invadiu a contram\u00e3o. Um acidente deixou tr\u00eas mortos na noite dessa segunda-feira, 16 de mar\u00e7o, na BR-381, em Periquito, no Leste de Minas Gerais. De acordo com a Pol\u00edcia Rodovi\u00e1ria Federal (PRF), as v\u00edtimas estavam em Fiat Siena que se envolveu em [&hellip;]<\/p>\n","protected":false},"author":1,"featured_media":55191,"comment_status":"open","ping_status":"closed","sticky":false,"template":"","format":"standard","meta":{"amp_status":"","footnotes":""},"categories":[121],"tags":[37954,37951,37952,37957,237,27721,37959,247,201,37953,37964,37955,37958,37956,1670,37961,37963,37960,37950,37965,37962,164],"class_list":["post-55187","post","type-post","status-publish","format-standard","has-post-thumbnail","hentry","category-leste","tag-acidente-com-carro-dos-professores-do-colegio-genoma","tag-acidente-com-professores-do-colegio-genoma","tag-acidente-com-professores-do-genoma","tag-andre-marconi-ribeiro-leite","tag-caratinga","tag-colegio-bernoulli","tag-dois-professores-do-colegio-genoma-morrem-em-acidente-na-br-381","tag-governador-valadares","tag-ipatinga","tag-isoforte-comercio-e-industria","tag-meritus-online","tag-morte-de-professores-do-colegio-genoma","tag-nilson-teodoro-de-lacerda","tag-paulo-sergio-de-oliveira","tag-periquito","tag-pre-vestibular-soma","tag-pro-labore-cursos-juridicos","tag-professor-no-colegio-bernoulli","tag-professores-do-colegio-genoma","tag-ronaldo-alves-portes","tag-soma","tag-teofilo-otoni"],"_links":{"self":[{"href":"https:\/\/aconteceunovale.com.br\/portal\/index.php?rest_route=\/wp\/v2\/posts\/55187","targetHints":{"allow":["GET"]}}],"collection":[{"href":"https:\/\/aconteceunovale.com.br\/portal\/index.php?rest_route=\/wp\/v2\/posts"}],"about":[{"href":"https:\/\/aconteceunovale.com.br\/portal\/index.php?rest_route=\/wp\/v2\/types\/post"}],"author":[{"embeddable":true,"href":"https:\/\/aconteceunovale.com.br\/portal\/index.php?rest_route=\/wp\/v2\/users\/1"}],"replies":[{"embeddable":true,"href":"https:\/\/aconteceunovale.com.br\/portal\/index.php?rest_route=%2Fwp%2Fv2%2Fcomments&post=55187"}],"version-history":[{"count":0,"href":"https:\/\/aconteceunovale.com.br\/portal\/index.php?rest_route=\/wp\/v2\/posts\/55187\/revisions"}],"wp:featuredmedia":[{"embeddable":true,"href":"https:\/\/aconteceunovale.com.br\/portal\/index.php?rest_route=\/wp\/v2\/media\/55191"}],"wp:attachment":[{"href":"https:\/\/aconteceunovale.com.br\/portal\/index.php?rest_route=%2Fwp%2Fv2%2Fmedia&parent=55187"}],"wp:term":[{"taxonomy":"category","embeddable":true,"href":"https:\/\/aconteceunovale.com.br\/portal\/index.php?rest_route=%2Fwp%2Fv2%2Fcategories&post=55187"},{"taxonomy":"post_tag","embeddable":true,"href":"https:\/\/aconteceunovale.com.br\/portal\/index.php?rest_route=%2Fwp%2Fv2%2Ftags&post=55187"}],"curies":[{"name":"wp","href":"https:\/\/api.w.org\/{rel}","templated":true}]}}