{"id":55105,"date":"2015-03-16T16:32:11","date_gmt":"2015-03-16T19:32:11","guid":{"rendered":"http:\/\/aconteceunovale.com.br\/portal\/?p=55105"},"modified":"2015-03-16T16:32:11","modified_gmt":"2015-03-16T19:32:11","slug":"corpo-de-bombeiros-inaugura-comandos-operacionais-no-leste-e-norte-de-minas","status":"publish","type":"post","link":"https:\/\/aconteceunovale.com.br\/portal\/?p=55105","title":{"rendered":"Corpo de Bombeiros inaugura comandos operacionais no Leste e Norte de Minas"},"content":{"rendered":"<h4><em><strong>Unidades ser\u00e3o respons\u00e1veis pela coordena\u00e7\u00e3o e controle das opera\u00e7\u00f5es nas duas regi\u00f5es mineiras, atendendo a 5,5 milh\u00f5es de pessoas<\/strong><\/em><\/h4>\n<p>O Corpo de Bombeiros Militar de Minas Gerais inaugura, nesta semana, dois novos Comandos Operacionais de Bombeiros (COB). As unidades s\u00e3o subordinadas ao Comando-Geral da Corpora\u00e7\u00e3o e ser\u00e3o respons\u00e1veis pela coordena\u00e7\u00e3o e controle das opera\u00e7\u00f5es desenvolvidas nas duas regi\u00f5es.<\/p>\n<p>Em Governador Valadares, no Leste Mineiro, a inaugura\u00e7\u00e3o do 5\u00ba COB ser\u00e1 na quinta-feira (19\/3), \u00e0s 15h, e a do 4\u00ba COB, em Montes Claros, no Norte de Minas, ocorrer\u00e1 na sexta-feira (20\/3), \u00e0s 10h. A estrat\u00e9gia de cria\u00e7\u00e3o das duas unidades alinha-se \u00e0 proposta do Governo do Estado de aumentar a capilaridade dos servi\u00e7os prestados \u00e0 popula\u00e7\u00e3o.<\/p>\n<p>O 4\u00ba COB responder\u00e1 pela \u00e1rea de atua\u00e7\u00e3o do 7\u00ba Batalh\u00e3o de Bombeiros Militar, que abrange 124 munic\u00edpios, atendidos por unidades situadas em Montes Claros, Pirapora, Diamantina, Jana\u00faba, Curvelo e Janu\u00e1ria. Atualmente, o 7\u00ba BBM atende a uma popula\u00e7\u00e3o aproximada de 2,4 milh\u00f5es de habitantes, com um efetivo de 524 bombeiros militares que foram respons\u00e1veis pelo atendimento a 38 mil ocorr\u00eancias na regi\u00e3o. O comandante do 4\u00ba COB ser\u00e1 o Coronel BM Primo Lara de Almeida J\u00fanior.<\/p>\n<p><strong>Leste de Minas<\/strong><\/p>\n<p>O 5\u00ba COB ser\u00e1 respons\u00e1vel pela coordena\u00e7\u00e3o das opera\u00e7\u00f5es executadas pelo 6\u00ba Batalh\u00e3o de Bombeiros (6\u00ba BBM), com sede em Governador Valadares. O batalh\u00e3o atua em uma \u00e1rea de 112 mil Km2, atingindo 209 munic\u00edpios das regi\u00f5es Leste, Nordeste, parte do Centro e da Zona da Mata.<\/p>\n<p>A popula\u00e7\u00e3o beneficiada ser\u00e1 de 3,16 milh\u00f5es, o que corresponde a cerca de 17% da popula\u00e7\u00e3o de Minas Gerais.  Al\u00e9m de Governador Valadares, est\u00e3o subordinadas ao 6\u00ba BBM unidades da corpora\u00e7\u00e3o nas cidades de Te\u00f3filo Otoni, Ipatinga, Manhua\u00e7u, Coronel Fabriciano, Itabira e Tim\u00f3teo. Em 2014, o 6\u00ba BBM atendeu a 25 mil ocorr\u00eancias. Atualmente, j\u00e1 est\u00e3o em atividade Comandos Operacionais em Belo Horizonte (1\u00ba COB), Uberl\u00e2ndia (2\u00ba COB) e Juiz de Fora (3\u00ba COB).<\/p>\n<p><strong>Servi\u00e7o:<\/strong><\/p>\n<p><strong>Evento:<\/strong> Inaugura\u00e7\u00e3o do 5\u00ba Comando Operacional de Bombeiros \u2013 Governador Valadares<br \/>\n<strong>Data:<\/strong> 19\/3\/2015 \u2013 15h<br \/>\n<strong>Local:<\/strong> Sede da 8\u00aa Regi\u00e3o Integrada de Seguran\u00e7a P\u00fablica (8\u00aa Risp) \/ Av. Minas Gerais, 2100 \u2013 Maria Eug\u00eania \u2013 Governador Valadares<br \/>\n<strong>Quem comandar\u00e1:<\/strong> Coronel BM Marinaldo Ferreira Lima<\/p>\n<p><strong>Evento:<\/strong> Inaugura\u00e7\u00e3o do 4\u00ba Comando Operacional de Bombeiros \u2013 Montes Claros<br \/>\n<strong>Data:<\/strong> 20\/3\/2015 \u2013 10h<br \/>\n<strong>Local:<\/strong> Sede da 11\u00aa Regi\u00e3o Integrada de Seguran\u00e7a P\u00fablica (11\u00aa Risp) \/ Av. Major Alexandre Rodrigues, 301 \u2013 Ibituruna &#8211; Montes Claros<\/p>\n","protected":false},"excerpt":{"rendered":"<p>Unidades ser\u00e3o respons\u00e1veis pela coordena\u00e7\u00e3o e controle das opera\u00e7\u00f5es nas duas regi\u00f5es mineiras, atendendo a 5,5 milh\u00f5es de pessoas O Corpo de Bombeiros Militar de Minas Gerais inaugura, nesta semana, dois novos Comandos Operacionais de Bombeiros (COB). As unidades s\u00e3o subordinadas ao Comando-Geral da Corpora\u00e7\u00e3o e ser\u00e3o respons\u00e1veis pela coordena\u00e7\u00e3o e controle das opera\u00e7\u00f5es desenvolvidas [&hellip;]<\/p>\n","protected":false},"author":1,"featured_media":49839,"comment_status":"open","ping_status":"closed","sticky":false,"template":"","format":"standard","meta":{"amp_status":"","footnotes":""},"categories":[123],"tags":[37855,37854,37852,37848,37850,37853,1524,37849,37851,37847,37846,37845,197,198,247,37858,37856,37857,201,202,204,205,209,210,254,164,1105],"class_list":["post-55105","post","type-post","status-publish","format-standard","has-post-thumbnail","hentry","category-gerais","tag-4o-cob","tag-5o-cob","tag-cob","tag-comando-operacional-do-corpo-de-bombeiros-em-governador-valadares","tag-comando-operacional-do-corpo-de-bombeiros-em-montes-claros","tag-comandos-operacionais-de-bombeiros","tag-coronel-fabriciano","tag-corpo-de-bombeiros-de-governador-valadares","tag-corpo-de-bombeiros-de-montes-claros","tag-corpo-de-bombeiros-inaugura-comandos-operacionais-em-montes-claros-e-governador-valadares","tag-corpo-de-bombeiros-inaugura-comandos-operacionais-no-leste-e-norte-de-minas","tag-corpo-de-bombeiros-inaugura-comandos-operacionais-no-leste-e-norte-do-estado","tag-curvelo","tag-diamantina","tag-governador-valadares","tag-inauguracao-do-4o-comando-operacional-de-bombeiros-montes-claros","tag-inauguracao-do-5o-comando-operacional-de-bombeiros-governador-valadares","tag-inauguracao-do-5o-comando-operacional-de-bombeiros-de-governador-valadares","tag-ipatinga","tag-itabira","tag-janauba","tag-januaria","tag-manhuacu","tag-montes-claros","tag-pirapora","tag-teofilo-otoni","tag-timoteo"],"_links":{"self":[{"href":"https:\/\/aconteceunovale.com.br\/portal\/index.php?rest_route=\/wp\/v2\/posts\/55105","targetHints":{"allow":["GET"]}}],"collection":[{"href":"https:\/\/aconteceunovale.com.br\/portal\/index.php?rest_route=\/wp\/v2\/posts"}],"about":[{"href":"https:\/\/aconteceunovale.com.br\/portal\/index.php?rest_route=\/wp\/v2\/types\/post"}],"author":[{"embeddable":true,"href":"https:\/\/aconteceunovale.com.br\/portal\/index.php?rest_route=\/wp\/v2\/users\/1"}],"replies":[{"embeddable":true,"href":"https:\/\/aconteceunovale.com.br\/portal\/index.php?rest_route=%2Fwp%2Fv2%2Fcomments&post=55105"}],"version-history":[{"count":0,"href":"https:\/\/aconteceunovale.com.br\/portal\/index.php?rest_route=\/wp\/v2\/posts\/55105\/revisions"}],"wp:featuredmedia":[{"embeddable":true,"href":"https:\/\/aconteceunovale.com.br\/portal\/index.php?rest_route=\/wp\/v2\/media\/49839"}],"wp:attachment":[{"href":"https:\/\/aconteceunovale.com.br\/portal\/index.php?rest_route=%2Fwp%2Fv2%2Fmedia&parent=55105"}],"wp:term":[{"taxonomy":"category","embeddable":true,"href":"https:\/\/aconteceunovale.com.br\/portal\/index.php?rest_route=%2Fwp%2Fv2%2Fcategories&post=55105"},{"taxonomy":"post_tag","embeddable":true,"href":"https:\/\/aconteceunovale.com.br\/portal\/index.php?rest_route=%2Fwp%2Fv2%2Ftags&post=55105"}],"curies":[{"name":"wp","href":"https:\/\/api.w.org\/{rel}","templated":true}]}}