{"id":55098,"date":"2015-03-16T09:53:18","date_gmt":"2015-03-16T12:53:18","guid":{"rendered":"http:\/\/aconteceunovale.com.br\/portal\/?p=55098"},"modified":"2015-03-16T09:53:18","modified_gmt":"2015-03-16T12:53:18","slug":"plantao-do-samu-no-norte-de-minas-gerais-13-a-15-de-marco-de-2015","status":"publish","type":"post","link":"https:\/\/aconteceunovale.com.br\/portal\/?p=55098","title":{"rendered":"Plant\u00e3o do Samu no Norte de Minas Gerais &#8211; 13 a 15 de mar\u00e7o de 2015"},"content":{"rendered":"<h4><em><strong>Final de semana, 13 a 15 de mar\u00e7o de 2015<\/strong><\/em><\/h4>\n<p>A unidade do SAMU de Montes Claros realizou no final de semana, 152 atendimentos, sendo 104 casos cl\u00ednicos; 38 acidentes de tr\u00e2nsito; 05 gestantes em trabalho de parto; 02 mulheres v\u00edtimas de agress\u00e3o f\u00edsica; 02 ferimentos por arma de fogo, e duas pessoas feridas em queda de altura.<\/p>\n<p>No domingo, 15\/03, foram registrados 05 atendimentos a v\u00edtimas de acidente de tr\u00e2nsito, entre eles, um capotamento de ve\u00edculo ocorrido na BR-135, km 373, onde dois homens, de 38 e 34 anos, ficaram feridos, e tr\u00eas ocorr\u00eancias de acidente envolvendo motocicleta na \u00e1rea urbana de Montes Claros; uma gestante de 26 anos em trabalho de parto no bairro Jardim Palmeiras; um rapaz de 18 anos ferido por arma de fogo no bairro Vera Cruz; uma mulher de 30 anos que sofreu agress\u00e3o f\u00edsica no bairro Jardim Palmeiras, e um homem de 50 anos que caiu de um andaime, no bairro Morrinhos.<\/p>\n<p>No s\u00e1bado, 14\/03, a unidade do Samu foi acionada para atendimento em 13 ocorr\u00eancias de acidente de transito; um rapaz de 18 anos ferido por arma de fogo na Vila Exposi\u00e7\u00e3o; uma gestante de 34 anos em trabalho de parto no bairro S\u00e3o Judas; e uma gestante de 9 meses que ficou ferida ap\u00f3s ser atingida por um muro, que caiu sobre ela, no residencial Recanto das \u00c1guas.<\/p>\n<p>A sexta-feira, 13\/03, foram registrados 20 atendimentos a v\u00edtimas de acidente de tr\u00e2nsito; um homem de 47 anos que caiu de uma altura de mais de 6 metros no bairro Jardim Liberdade; um mulher de 20 anos que sofreu agress\u00e3o f\u00edsica na Rua Tiradentes, regi\u00e3o central de Montes Claros; e duas gestantes em trabalho de parto, no bairro Santa Rafaela e no residencial Recanto das \u00c1guas.<\/p>\n<p>Em todas as ocorr\u00eancias os feridos receberam os primeiros atendimentos no local e foram encaminhados ao hospital para avalia\u00e7\u00e3o.<\/p>\n","protected":false},"excerpt":{"rendered":"<p>Final de semana, 13 a 15 de mar\u00e7o de 2015 A unidade do SAMU de Montes Claros realizou no final de semana, 152 atendimentos, sendo 104 casos cl\u00ednicos; 38 acidentes de tr\u00e2nsito; 05 gestantes em trabalho de parto; 02 mulheres v\u00edtimas de agress\u00e3o f\u00edsica; 02 ferimentos por arma de fogo, e duas pessoas feridas em [&hellip;]<\/p>\n","protected":false},"author":1,"featured_media":46383,"comment_status":"open","ping_status":"closed","sticky":false,"template":"","format":"standard","meta":{"amp_status":"","footnotes":""},"categories":[1236],"tags":[210,24659,24089,18898,18108,37806,18629,21139,4040],"class_list":["post-55098","post","type-post","status-publish","format-standard","has-post-thumbnail","hentry","category-norte_de_minas","tag-montes-claros","tag-plantao-do-samu-de-montes-claros","tag-plantao-do-samu-do-norte-de-minas","tag-plantao-do-samu-macro-norte","tag-plantao-do-samu-no-norte-de-minas-gerais","tag-plantao-do-samu-no-norte-de-minas-gerais-13-a-15-de-marco-de-2015","tag-samu-de-montes-claros","tag-samu-do-norte-de-minas","tag-samu-macro-norte"],"_links":{"self":[{"href":"https:\/\/aconteceunovale.com.br\/portal\/index.php?rest_route=\/wp\/v2\/posts\/55098","targetHints":{"allow":["GET"]}}],"collection":[{"href":"https:\/\/aconteceunovale.com.br\/portal\/index.php?rest_route=\/wp\/v2\/posts"}],"about":[{"href":"https:\/\/aconteceunovale.com.br\/portal\/index.php?rest_route=\/wp\/v2\/types\/post"}],"author":[{"embeddable":true,"href":"https:\/\/aconteceunovale.com.br\/portal\/index.php?rest_route=\/wp\/v2\/users\/1"}],"replies":[{"embeddable":true,"href":"https:\/\/aconteceunovale.com.br\/portal\/index.php?rest_route=%2Fwp%2Fv2%2Fcomments&post=55098"}],"version-history":[{"count":0,"href":"https:\/\/aconteceunovale.com.br\/portal\/index.php?rest_route=\/wp\/v2\/posts\/55098\/revisions"}],"wp:featuredmedia":[{"embeddable":true,"href":"https:\/\/aconteceunovale.com.br\/portal\/index.php?rest_route=\/wp\/v2\/media\/46383"}],"wp:attachment":[{"href":"https:\/\/aconteceunovale.com.br\/portal\/index.php?rest_route=%2Fwp%2Fv2%2Fmedia&parent=55098"}],"wp:term":[{"taxonomy":"category","embeddable":true,"href":"https:\/\/aconteceunovale.com.br\/portal\/index.php?rest_route=%2Fwp%2Fv2%2Fcategories&post=55098"},{"taxonomy":"post_tag","embeddable":true,"href":"https:\/\/aconteceunovale.com.br\/portal\/index.php?rest_route=%2Fwp%2Fv2%2Ftags&post=55098"}],"curies":[{"name":"wp","href":"https:\/\/api.w.org\/{rel}","templated":true}]}}