{"id":55039,"date":"2015-03-15T13:26:09","date_gmt":"2015-03-15T16:26:09","guid":{"rendered":"http:\/\/aconteceunovale.com.br\/portal\/?p=55039"},"modified":"2015-03-15T13:26:09","modified_gmt":"2015-03-15T16:26:09","slug":"motorista-morre-apos-carreta-carregada-com-mamao-tombar-no-vale-do-mucuri","status":"publish","type":"post","link":"https:\/\/aconteceunovale.com.br\/portal\/?p=55039","title":{"rendered":"Motorista morre ap\u00f3s carreta carregada com mam\u00e3o tombar no Vale do Mucuri"},"content":{"rendered":"<h4><em><strong>Acidente aconteceu no KM 90 da BR-418. Motorista foi arremessado para fora do ve\u00edculo e morreu no local.<\/strong><\/em><\/h4>\n<p>Um caminhoneiro de 32 anos morreu em um acidente na madrugada da \u00faltima quinta-feira, 12 de mar\u00e7o, na BR-418, no munic\u00edpio de Te\u00f3filo Otoni, no Vale do Mucuri. De acordo com o registro de ocorr\u00eancias da Pol\u00edcia Militar Rodovi\u00e1ria (PMRv), o acidente aconteceu pr\u00f3ximo a uma curva no quil\u00f4metro 90.<\/p>\n<p>Ainda segundo a PMRv, o condutor Thiago Moutinho da Silva transitava no sentido Carlos Chagas\/Te\u00f3filo Otoni, quando teria perdido o controle direcional do caminh\u00e3o Volvo, de cor vermelha, placa DTE-7098, de S\u00e3o Paulo, acoplado ao semirreboque carregado com uma carga de mam\u00e3o, e tombou na lateral direita da rodovia. <\/p>\n<p>Com o impacto do acidente, o condutor foi arremessado para fora do ve\u00edculo e morreu no local. A Per\u00edcia T\u00e9cnica da Pol\u00edcia Civil foi acionada e ap\u00f3s os procedimentos de praxe, o corpo foi liberado e encaminhado para o Instituto M\u00e9dico Legal (IML) de Te\u00f3filo Otoni.<\/p>\n<p><img decoding=\"async\" src=\"http:\/\/aconteceunovale.com.br\/portal\/wp-content\/uploads\/2015\/03\/acidente_caminhao_mamao_1.jpg\" alt=\"\" \/><img decoding=\"async\" src=\"http:\/\/aconteceunovale.com.br\/portal\/wp-content\/uploads\/2015\/03\/acidente_caminhao_mamao_2.jpg\" alt=\"\" \/><img decoding=\"async\" src=\"http:\/\/aconteceunovale.com.br\/portal\/wp-content\/uploads\/2015\/03\/acidente_caminhao_mamao_3.jpg\" alt=\"\" \/><img decoding=\"async\" src=\"http:\/\/aconteceunovale.com.br\/portal\/wp-content\/uploads\/2015\/03\/acidente_caminhao_mamao_4.jpg\" alt=\"\" \/><img decoding=\"async\" src=\"http:\/\/aconteceunovale.com.br\/portal\/wp-content\/uploads\/2015\/03\/acidente_caminhao_mamao_5.jpg\" alt=\"\" \/><em>(Acidente aconteceu no KM 90 da BR-418 &#8211; Foto: Internauta \/ WhatsApp)<\/em><\/p>\n","protected":false},"excerpt":{"rendered":"<p>Acidente aconteceu no KM 90 da BR-418. Motorista foi arremessado para fora do ve\u00edculo e morreu no local. Um caminhoneiro de 32 anos morreu em um acidente na madrugada da \u00faltima quinta-feira, 12 de mar\u00e7o, na BR-418, no munic\u00edpio de Te\u00f3filo Otoni, no Vale do Mucuri. De acordo com o registro de ocorr\u00eancias da Pol\u00edcia [&hellip;]<\/p>\n","protected":false},"author":1,"featured_media":55031,"comment_status":"open","ping_status":"closed","sticky":false,"template":"","format":"standard","meta":{"amp_status":"","footnotes":""},"categories":[122],"tags":[37731,37734,37733,37732,37736,1175,37728,37729,37727,37737,37730,164,37735],"class_list":["post-55039","post","type-post","status-publish","format-standard","has-post-thumbnail","hentry","category-mucuri","tag-acidente-com-caminhao-de-mamao","tag-acidente-com-caminhao-de-mamao-de-sao-paulo","tag-acidente-com-caminhao-de-mamao-em-teofilo-otoni","tag-acidente-com-caminhao-de-mamao-na-br-418","tag-acidente-com-volvo-carregado-de-mamao","tag-carlos-chagas","tag-motorista-morre-apos-caminhao-carregado-com-mamao-tombar-na-br-418","tag-motorista-morre-apos-caminhao-carregado-com-mamao-tombar-no-municipio-de-teofilo-otoni","tag-motorista-morre-apos-caminhao-carregado-com-mamao-tombar-no-vale-do-mucuri","tag-motorista-morre-apos-carreta-carregada-com-mamao-tombar-no-vale-do-mucuri","tag-romeu-guimaraes","tag-teofilo-otoni","tag-thiago-moutinho-da-silva"],"yoast_head":"<!-- This site is optimized with the Yoast SEO plugin v28.3 - https:\/\/yoast.com\/product\/yoast-seo-wordpress\/ -->\n<title>Motorista morre ap\u00f3s carreta carregada com mam\u00e3o tombar no Vale do Mucuri - Aconteceu no Vale<\/title>\n<meta name=\"robots\" content=\"index, follow, max-snippet:-1, max-image-preview:large, max-video-preview:-1\" \/>\n<link rel=\"canonical\" href=\"https:\/\/aconteceunovale.com.br\/portal\/?p=55039\" \/>\n<meta property=\"og:locale\" content=\"pt_BR\" \/>\n<meta property=\"og:type\" content=\"article\" \/>\n<meta property=\"og:title\" content=\"Motorista morre ap\u00f3s carreta carregada com mam\u00e3o tombar no Vale do Mucuri - Aconteceu no Vale\" \/>\n<meta property=\"og:description\" content=\"Acidente aconteceu no KM 90 da BR-418. Motorista foi arremessado para fora do ve\u00edculo e morreu no local. Um caminhoneiro de 32 anos morreu em um acidente na madrugada da \u00faltima quinta-feira, 12 de mar\u00e7o, na BR-418, no munic\u00edpio de Te\u00f3filo Otoni, no Vale do Mucuri. De acordo com o registro de ocorr\u00eancias da Pol\u00edcia [&hellip;]\" \/>\n<meta property=\"og:url\" content=\"https:\/\/aconteceunovale.com.br\/portal\/?p=55039\" \/>\n<meta property=\"og:site_name\" content=\"Aconteceu no Vale\" \/>\n<meta property=\"article:publisher\" content=\"https:\/\/www.facebook.com\/aconteceunovale\/\" \/>\n<meta property=\"article:published_time\" content=\"2015-03-15T16:26:09+00:00\" \/>\n<meta property=\"og:image\" content=\"https:\/\/aconteceunovale.com.br\/portal\/wp-content\/uploads\/2015\/03\/acidente_caminhao_mamao_1.jpg\" \/>\n\t<meta property=\"og:image:width\" content=\"678\" \/>\n\t<meta property=\"og:image:height\" content=\"381\" \/>\n\t<meta property=\"og:image:type\" content=\"image\/jpeg\" \/>\n<meta name=\"author\" content=\"Aconteceu no Vale\" \/>\n<meta name=\"twitter:card\" content=\"summary_large_image\" \/>\n<meta name=\"twitter:creator\" content=\"@noticiadosvales\" \/>\n<meta name=\"twitter:site\" content=\"@noticiadosvales\" \/>\n<meta name=\"twitter:label1\" content=\"Escrito por\" \/>\n\t<meta name=\"twitter:data1\" content=\"Aconteceu no Vale\" \/>\n\t<meta name=\"twitter:label2\" content=\"Est. tempo de leitura\" \/>\n\t<meta name=\"twitter:data2\" content=\"1 minuto\" \/>\n<script type=\"application\/ld+json\" class=\"yoast-schema-graph\">{\"@context\":\"https:\\\/\\\/schema.org\",\"@graph\":[{\"@type\":\"Article\",\"@id\":\"https:\\\/\\\/aconteceunovale.com.br\\\/portal\\\/?p=55039#article\",\"isPartOf\":{\"@id\":\"https:\\\/\\\/aconteceunovale.com.br\\\/portal\\\/?p=55039\"},\"author\":{\"name\":\"Aconteceu no Vale\",\"@id\":\"https:\\\/\\\/aconteceunovale.com.br\\\/portal\\\/#\\\/schema\\\/person\\\/633529146f2c94272bef50ac2953d589\"},\"headline\":\"Motorista morre ap\u00f3s carreta carregada com mam\u00e3o tombar no Vale do Mucuri\",\"datePublished\":\"2015-03-15T16:26:09+00:00\",\"mainEntityOfPage\":{\"@id\":\"https:\\\/\\\/aconteceunovale.com.br\\\/portal\\\/?p=55039\"},\"wordCount\":204,\"commentCount\":0,\"image\":{\"@id\":\"https:\\\/\\\/aconteceunovale.com.br\\\/portal\\\/?p=55039#primaryimage\"},\"thumbnailUrl\":\"https:\\\/\\\/aconteceunovale.com.br\\\/portal\\\/wp-content\\\/uploads\\\/2015\\\/03\\\/acidente_caminhao_mamao_1.jpg\",\"keywords\":[\"acidente com caminh\u00e3o de mam\u00e3o\",\"acidente com caminh\u00e3o de mam\u00e3o de s\u00e3o paulo\",\"acidente com caminh\u00e3o de mam\u00e3o em te\u00f3filo otoni\",\"acidente com caminh\u00e3o de mam\u00e3o na br 418\",\"acidente com volvo carregado de mam\u00e3o\",\"carlos chagas\",\"Motorista morre ap\u00f3s caminh\u00e3o carregado com mam\u00e3o tombar na BR-418\",\"Motorista morre ap\u00f3s caminh\u00e3o carregado com mam\u00e3o tombar no munic\u00edpio de Te\u00f3filo Otoni\",\"Motorista morre ap\u00f3s caminh\u00e3o carregado com mam\u00e3o tombar no Vale do Mucuri\",\"Motorista morre ap\u00f3s carreta carregada com mam\u00e3o tombar no Vale do Mucuri\",\"Romeu Guimar\u00e3es\",\"Te\u00f3filo Otoni\",\"Thiago Moutinho da Silva\"],\"articleSection\":[\"Vale do Mucuri\"],\"inLanguage\":\"pt-BR\",\"potentialAction\":[{\"@type\":\"CommentAction\",\"name\":\"Comment\",\"target\":[\"https:\\\/\\\/aconteceunovale.com.br\\\/portal\\\/?p=55039#respond\"]}]},{\"@type\":\"WebPage\",\"@id\":\"https:\\\/\\\/aconteceunovale.com.br\\\/portal\\\/?p=55039\",\"url\":\"https:\\\/\\\/aconteceunovale.com.br\\\/portal\\\/?p=55039\",\"name\":\"Motorista morre ap\u00f3s carreta carregada com mam\u00e3o tombar no Vale do Mucuri - Aconteceu no Vale\",\"isPartOf\":{\"@id\":\"https:\\\/\\\/aconteceunovale.com.br\\\/portal\\\/#website\"},\"primaryImageOfPage\":{\"@id\":\"https:\\\/\\\/aconteceunovale.com.br\\\/portal\\\/?p=55039#primaryimage\"},\"image\":{\"@id\":\"https:\\\/\\\/aconteceunovale.com.br\\\/portal\\\/?p=55039#primaryimage\"},\"thumbnailUrl\":\"https:\\\/\\\/aconteceunovale.com.br\\\/portal\\\/wp-content\\\/uploads\\\/2015\\\/03\\\/acidente_caminhao_mamao_1.jpg\",\"datePublished\":\"2015-03-15T16:26:09+00:00\",\"author\":{\"@id\":\"https:\\\/\\\/aconteceunovale.com.br\\\/portal\\\/#\\\/schema\\\/person\\\/633529146f2c94272bef50ac2953d589\"},\"breadcrumb\":{\"@id\":\"https:\\\/\\\/aconteceunovale.com.br\\\/portal\\\/?p=55039#breadcrumb\"},\"inLanguage\":\"pt-BR\",\"potentialAction\":[{\"@type\":\"ReadAction\",\"target\":[\"https:\\\/\\\/aconteceunovale.com.br\\\/portal\\\/?p=55039\"]}]},{\"@type\":\"ImageObject\",\"inLanguage\":\"pt-BR\",\"@id\":\"https:\\\/\\\/aconteceunovale.com.br\\\/portal\\\/?p=55039#primaryimage\",\"url\":\"https:\\\/\\\/aconteceunovale.com.br\\\/portal\\\/wp-content\\\/uploads\\\/2015\\\/03\\\/acidente_caminhao_mamao_1.jpg\",\"contentUrl\":\"https:\\\/\\\/aconteceunovale.com.br\\\/portal\\\/wp-content\\\/uploads\\\/2015\\\/03\\\/acidente_caminhao_mamao_1.jpg\",\"width\":678,\"height\":381},{\"@type\":\"BreadcrumbList\",\"@id\":\"https:\\\/\\\/aconteceunovale.com.br\\\/portal\\\/?p=55039#breadcrumb\",\"itemListElement\":[{\"@type\":\"ListItem\",\"position\":1,\"name\":\"In\u00edcio\",\"item\":\"https:\\\/\\\/aconteceunovale.com.br\\\/portal\\\/\"},{\"@type\":\"ListItem\",\"position\":2,\"name\":\"Motorista morre ap\u00f3s carreta carregada com mam\u00e3o tombar no Vale do Mucuri\"}]},{\"@type\":\"WebSite\",\"@id\":\"https:\\\/\\\/aconteceunovale.com.br\\\/portal\\\/#website\",\"url\":\"https:\\\/\\\/aconteceunovale.com.br\\\/portal\\\/\",\"name\":\"Aconteceu no Vale\",\"description\":\"Portal de Not\u00edcias\",\"potentialAction\":[{\"@type\":\"SearchAction\",\"target\":{\"@type\":\"EntryPoint\",\"urlTemplate\":\"https:\\\/\\\/aconteceunovale.com.br\\\/portal\\\/?s={search_term_string}\"},\"query-input\":{\"@type\":\"PropertyValueSpecification\",\"valueRequired\":true,\"valueName\":\"search_term_string\"}}],\"inLanguage\":\"pt-BR\"},{\"@type\":\"Person\",\"@id\":\"https:\\\/\\\/aconteceunovale.com.br\\\/portal\\\/#\\\/schema\\\/person\\\/633529146f2c94272bef50ac2953d589\",\"name\":\"Aconteceu no Vale\",\"description\":\"Equipe de reportagem do Aconteceu no Vale, portal de not\u00edcias do Vale do Jequitinhonha, em Minas Gerais. Cobrimos as 51 cidades do Vale desde 2013. Sugest\u00f5es de pauta e pedidos de corre\u00e7\u00e3o: contato@aconteceunovale.com.br\",\"sameAs\":[\"http:\\\/\\\/www.aconteceunovale.com.br\"],\"url\":\"https:\\\/\\\/aconteceunovale.com.br\\\/portal\\\/?author=1\"}]}<\/script>\n<!-- \/ Yoast SEO plugin. -->","yoast_head_json":{"title":"Motorista morre ap\u00f3s carreta carregada com mam\u00e3o tombar no Vale do Mucuri - Aconteceu no Vale","robots":{"index":"index","follow":"follow","max-snippet":"max-snippet:-1","max-image-preview":"max-image-preview:large","max-video-preview":"max-video-preview:-1"},"canonical":"https:\/\/aconteceunovale.com.br\/portal\/?p=55039","og_locale":"pt_BR","og_type":"article","og_title":"Motorista morre ap\u00f3s carreta carregada com mam\u00e3o tombar no Vale do Mucuri - Aconteceu no Vale","og_description":"Acidente aconteceu no KM 90 da BR-418. Motorista foi arremessado para fora do ve\u00edculo e morreu no local. Um caminhoneiro de 32 anos morreu em um acidente na madrugada da \u00faltima quinta-feira, 12 de mar\u00e7o, na BR-418, no munic\u00edpio de Te\u00f3filo Otoni, no Vale do Mucuri. De acordo com o registro de ocorr\u00eancias da Pol\u00edcia [&hellip;]","og_url":"https:\/\/aconteceunovale.com.br\/portal\/?p=55039","og_site_name":"Aconteceu no Vale","article_publisher":"https:\/\/www.facebook.com\/aconteceunovale\/","article_published_time":"2015-03-15T16:26:09+00:00","og_image":[{"width":678,"height":381,"url":"https:\/\/aconteceunovale.com.br\/portal\/wp-content\/uploads\/2015\/03\/acidente_caminhao_mamao_1.jpg","type":"image\/jpeg"}],"author":"Aconteceu no Vale","twitter_card":"summary_large_image","twitter_creator":"@noticiadosvales","twitter_site":"@noticiadosvales","twitter_misc":{"Escrito por":"Aconteceu no Vale","Est. tempo de leitura":"1 minuto"},"schema":{"@context":"https:\/\/schema.org","@graph":[{"@type":"Article","@id":"https:\/\/aconteceunovale.com.br\/portal\/?p=55039#article","isPartOf":{"@id":"https:\/\/aconteceunovale.com.br\/portal\/?p=55039"},"author":{"name":"Aconteceu no Vale","@id":"https:\/\/aconteceunovale.com.br\/portal\/#\/schema\/person\/633529146f2c94272bef50ac2953d589"},"headline":"Motorista morre ap\u00f3s carreta carregada com mam\u00e3o tombar no Vale do Mucuri","datePublished":"2015-03-15T16:26:09+00:00","mainEntityOfPage":{"@id":"https:\/\/aconteceunovale.com.br\/portal\/?p=55039"},"wordCount":204,"commentCount":0,"image":{"@id":"https:\/\/aconteceunovale.com.br\/portal\/?p=55039#primaryimage"},"thumbnailUrl":"https:\/\/aconteceunovale.com.br\/portal\/wp-content\/uploads\/2015\/03\/acidente_caminhao_mamao_1.jpg","keywords":["acidente com caminh\u00e3o de mam\u00e3o","acidente com caminh\u00e3o de mam\u00e3o de s\u00e3o paulo","acidente com caminh\u00e3o de mam\u00e3o em te\u00f3filo otoni","acidente com caminh\u00e3o de mam\u00e3o na br 418","acidente com volvo carregado de mam\u00e3o","carlos chagas","Motorista morre ap\u00f3s caminh\u00e3o carregado com mam\u00e3o tombar na BR-418","Motorista morre ap\u00f3s caminh\u00e3o carregado com mam\u00e3o tombar no munic\u00edpio de Te\u00f3filo Otoni","Motorista morre ap\u00f3s caminh\u00e3o carregado com mam\u00e3o tombar no Vale do Mucuri","Motorista morre ap\u00f3s carreta carregada com mam\u00e3o tombar no Vale do Mucuri","Romeu Guimar\u00e3es","Te\u00f3filo Otoni","Thiago Moutinho da Silva"],"articleSection":["Vale do Mucuri"],"inLanguage":"pt-BR","potentialAction":[{"@type":"CommentAction","name":"Comment","target":["https:\/\/aconteceunovale.com.br\/portal\/?p=55039#respond"]}]},{"@type":"WebPage","@id":"https:\/\/aconteceunovale.com.br\/portal\/?p=55039","url":"https:\/\/aconteceunovale.com.br\/portal\/?p=55039","name":"Motorista morre ap\u00f3s carreta carregada com mam\u00e3o tombar no Vale do Mucuri - Aconteceu no Vale","isPartOf":{"@id":"https:\/\/aconteceunovale.com.br\/portal\/#website"},"primaryImageOfPage":{"@id":"https:\/\/aconteceunovale.com.br\/portal\/?p=55039#primaryimage"},"image":{"@id":"https:\/\/aconteceunovale.com.br\/portal\/?p=55039#primaryimage"},"thumbnailUrl":"https:\/\/aconteceunovale.com.br\/portal\/wp-content\/uploads\/2015\/03\/acidente_caminhao_mamao_1.jpg","datePublished":"2015-03-15T16:26:09+00:00","author":{"@id":"https:\/\/aconteceunovale.com.br\/portal\/#\/schema\/person\/633529146f2c94272bef50ac2953d589"},"breadcrumb":{"@id":"https:\/\/aconteceunovale.com.br\/portal\/?p=55039#breadcrumb"},"inLanguage":"pt-BR","potentialAction":[{"@type":"ReadAction","target":["https:\/\/aconteceunovale.com.br\/portal\/?p=55039"]}]},{"@type":"ImageObject","inLanguage":"pt-BR","@id":"https:\/\/aconteceunovale.com.br\/portal\/?p=55039#primaryimage","url":"https:\/\/aconteceunovale.com.br\/portal\/wp-content\/uploads\/2015\/03\/acidente_caminhao_mamao_1.jpg","contentUrl":"https:\/\/aconteceunovale.com.br\/portal\/wp-content\/uploads\/2015\/03\/acidente_caminhao_mamao_1.jpg","width":678,"height":381},{"@type":"BreadcrumbList","@id":"https:\/\/aconteceunovale.com.br\/portal\/?p=55039#breadcrumb","itemListElement":[{"@type":"ListItem","position":1,"name":"In\u00edcio","item":"https:\/\/aconteceunovale.com.br\/portal\/"},{"@type":"ListItem","position":2,"name":"Motorista morre ap\u00f3s carreta carregada com mam\u00e3o tombar no Vale do Mucuri"}]},{"@type":"WebSite","@id":"https:\/\/aconteceunovale.com.br\/portal\/#website","url":"https:\/\/aconteceunovale.com.br\/portal\/","name":"Aconteceu no Vale","description":"Portal de Not\u00edcias","potentialAction":[{"@type":"SearchAction","target":{"@type":"EntryPoint","urlTemplate":"https:\/\/aconteceunovale.com.br\/portal\/?s={search_term_string}"},"query-input":{"@type":"PropertyValueSpecification","valueRequired":true,"valueName":"search_term_string"}}],"inLanguage":"pt-BR"},{"@type":"Person","@id":"https:\/\/aconteceunovale.com.br\/portal\/#\/schema\/person\/633529146f2c94272bef50ac2953d589","name":"Aconteceu no Vale","description":"Equipe de reportagem do Aconteceu no Vale, portal de not\u00edcias do Vale do Jequitinhonha, em Minas Gerais. Cobrimos as 51 cidades do Vale desde 2013. Sugest\u00f5es de pauta e pedidos de corre\u00e7\u00e3o: contato@aconteceunovale.com.br","sameAs":["http:\/\/www.aconteceunovale.com.br"],"url":"https:\/\/aconteceunovale.com.br\/portal\/?author=1"}]}},"_links":{"self":[{"href":"https:\/\/aconteceunovale.com.br\/portal\/index.php?rest_route=\/wp\/v2\/posts\/55039","targetHints":{"allow":["GET"]}}],"collection":[{"href":"https:\/\/aconteceunovale.com.br\/portal\/index.php?rest_route=\/wp\/v2\/posts"}],"about":[{"href":"https:\/\/aconteceunovale.com.br\/portal\/index.php?rest_route=\/wp\/v2\/types\/post"}],"author":[{"embeddable":true,"href":"https:\/\/aconteceunovale.com.br\/portal\/index.php?rest_route=\/wp\/v2\/users\/1"}],"replies":[{"embeddable":true,"href":"https:\/\/aconteceunovale.com.br\/portal\/index.php?rest_route=%2Fwp%2Fv2%2Fcomments&post=55039"}],"version-history":[{"count":0,"href":"https:\/\/aconteceunovale.com.br\/portal\/index.php?rest_route=\/wp\/v2\/posts\/55039\/revisions"}],"wp:featuredmedia":[{"embeddable":true,"href":"https:\/\/aconteceunovale.com.br\/portal\/index.php?rest_route=\/wp\/v2\/media\/55031"}],"wp:attachment":[{"href":"https:\/\/aconteceunovale.com.br\/portal\/index.php?rest_route=%2Fwp%2Fv2%2Fmedia&parent=55039"}],"wp:term":[{"taxonomy":"category","embeddable":true,"href":"https:\/\/aconteceunovale.com.br\/portal\/index.php?rest_route=%2Fwp%2Fv2%2Fcategories&post=55039"},{"taxonomy":"post_tag","embeddable":true,"href":"https:\/\/aconteceunovale.com.br\/portal\/index.php?rest_route=%2Fwp%2Fv2%2Ftags&post=55039"}],"curies":[{"name":"wp","href":"https:\/\/api.w.org\/{rel}","templated":true}]}}