{"id":55008,"date":"2015-03-14T19:24:32","date_gmt":"2015-03-14T22:24:32","guid":{"rendered":"http:\/\/aconteceunovale.com.br\/portal\/?p=55008"},"modified":"2015-03-14T19:24:32","modified_gmt":"2015-03-14T22:24:32","slug":"reuniao-define-detalhes-da-implantacao-de-corredor-ecologico-no-leste-de-minas","status":"publish","type":"post","link":"https:\/\/aconteceunovale.com.br\/portal\/?p=55008","title":{"rendered":"Reuni\u00e3o define detalhes da implanta\u00e7\u00e3o de corredor ecol\u00f3gico no Leste de Minas"},"content":{"rendered":"<h4><em><strong>Projeto prev\u00ea a prote\u00e7\u00e3o de \u00e1reas de Mata Atl\u00e2ntica. Regi\u00e3o Leste de Minas ser\u00e1 a primeira beneficiada<\/strong><\/em><\/h4>\n<p>O Comit\u00ea Gestor do Corredor Ecol\u00f3gico Sossego-Caratinga realiza entre os dias 17 e 18 de mar\u00e7o, cidade de Simon\u00e9sia, a primeira reuni\u00e3o para definir como se dar\u00e1 a execu\u00e7\u00e3o do projeto do Corredor Ecol\u00f3gico Sossego-Caratinga, primeiro do estado. Estar\u00e3o reunidos representantes do Instituto Estadual de Florestas (IEF), prefeituras e organiza\u00e7\u00f5es da regi\u00e3o para elaborar o regimento interno e o plano de a\u00e7\u00e3o do Comit\u00ea Gestor.<\/p>\n<p><img decoding=\"async\" src=\"http:\/\/aconteceunovale.com.br\/portal\/wp-content\/uploads\/2015\/03\/reuniao-define-detalhes-da-implantacao-do-primeiro-corredor-ecologico-do-estado.jpg\" alt=\"\" \/><em>Corredor Ecol\u00f3gico preservar\u00e1 esp\u00e9cias da Mata Atl\u00e2ntica &#8211; Foto: Divulga\u00e7\u00e3o\/Sisema<\/em><br \/>\n<\/br><\/p>\n<p>O objetivo principal do projeto \u00e9 promover a conex\u00e3o de \u00e1reas de Mata Atl\u00e2ntica da regi\u00e3o tendo como eixo de liga\u00e7\u00e3o as Reservas Particulares do Patrim\u00f4nio Natural Mata do Sossego, em Simon\u00e9sia, e Feliciano Miguel Abdala, em Caratinga, explica o gerente de cria\u00e7\u00e3o de \u00c1reas Protegidas do IEF, Paulo Fernandes Scheid.<\/p>\n<p>Para tal, o projeto prev\u00ea a\u00e7\u00f5es em uma \u00e1rea de 66.424,5607 hectares que est\u00e1 inserida em sete munic\u00edpios: Caratinga, Simon\u00e9sia, Manhua\u00e7u, Ipanema, Santa B\u00e1rbara do Leste, Santa Rita de Minas e Piedade de Caratinga. O principal objetivo do projeto \u00e9 priorizar e unificar investimentos e esfor\u00e7os para a conserva\u00e7\u00e3o e recupera\u00e7\u00e3o dessas \u00e1reas.<\/p>\n<p>O projeto Corredor Ecol\u00f3gico Sossego-Caratinga foi criado em 2014 fruto de uma parceria entre o IEF e a Funda\u00e7\u00e3o Biodiversitas. A regi\u00e3o est\u00e1 inserida no bioma Mata Atl\u00e2ntica e abriga rica biodiversidade, incluindo esp\u00e9cies amea\u00e7adas, em especial o muriqui-do-norte (Brachyteles hypoxantus), considerado criticamente amea\u00e7ada de extin\u00e7\u00e3o.<\/p>\n<p>O IEF, coordenador do Comit\u00ea, busca conservar e recuperar \u00e1reas de Mata Atl\u00e2ntica que est\u00e3o segmentadas e\/ou de responsabilidade das diversas inst\u00e2ncias municipais, estaduais e federais criando acordos de preserva\u00e7\u00e3o entre os respons\u00e1veis e em alguns casos a cria\u00e7\u00e3o de um espa\u00e7o verde que interligue as \u00e1reas e favore\u00e7a a prote\u00e7\u00e3o ambiental local. H\u00e1 proposta da cria\u00e7\u00e3o de outros corredores em todo o estado. (Ag\u00eancia Minas)<\/p>\n","protected":false},"excerpt":{"rendered":"<p>Projeto prev\u00ea a prote\u00e7\u00e3o de \u00e1reas de Mata Atl\u00e2ntica. Regi\u00e3o Leste de Minas ser\u00e1 a primeira beneficiada O Comit\u00ea Gestor do Corredor Ecol\u00f3gico Sossego-Caratinga realiza entre os dias 17 e 18 de mar\u00e7o, cidade de Simon\u00e9sia, a primeira reuni\u00e3o para definir como se dar\u00e1 a execu\u00e7\u00e3o do projeto do Corredor Ecol\u00f3gico Sossego-Caratinga, primeiro do estado. [&hellip;]<\/p>\n","protected":false},"author":1,"featured_media":55009,"comment_status":"open","ping_status":"closed","sticky":false,"template":"","format":"standard","meta":{"amp_status":"","footnotes":""},"categories":[121],"tags":[37690,37694,237,37684,37683,37681,37685,37686,1018,37689,37692,37682,37680,37675,37674,8365,37688,37693,37691,37676,37677,37687,37678,37679,37673,2451],"class_list":["post-55008","post","type-post","status-publish","format-standard","has-post-thumbnail","hentry","category-leste","tag-areas-protegidas-do-ief","tag-brachyteles-hypoxantus","tag-caratinga","tag-comite-gestor-do-corredor-ecologico-sossego-caratinga","tag-corredor-ecologico-no-leste-de-minas","tag-corredor-ecologico-no-vale-do-rio-doce","tag-corredor-ecologico-sossego","tag-corredor-ecologico-sossego-caratinga","tag-destaque","tag-feliciano-miguel-abdala","tag-fundacao-biodiversitas","tag-implantacao-de-corredor-ecologico-no-leste-de-minas","tag-implantacao-de-corredor-ecologico-no-vale-do-rio-doce","tag-implantacao-do-primeiro-corredor-ecologico-de-minas-gerais","tag-implantacao-do-primeiro-corredor-ecologico-do-estado","tag-mata-atlantica","tag-mata-do-sossego","tag-muriqui-do-norte","tag-paulo-fernandes-scheid","tag-primeiro-corredor-ecologico-de-minas-gerais","tag-regiao-leste-de-minas-sera-a-primeira-beneficiada","tag-reservas-particulares-do-patrimonio-natural-mata-do-sossego","tag-reuniao-define-detalhes-da-implantacao-de-corredor-ecologico-no-leste-de-minas","tag-reuniao-define-detalhes-da-implantacao-de-corredor-ecologico-no-vale-do-rio-doce","tag-reuniao-define-detalhes-da-implantacao-do-primeiro-corredor-ecologico-do-estado","tag-simonesia"],"_links":{"self":[{"href":"https:\/\/aconteceunovale.com.br\/portal\/index.php?rest_route=\/wp\/v2\/posts\/55008","targetHints":{"allow":["GET"]}}],"collection":[{"href":"https:\/\/aconteceunovale.com.br\/portal\/index.php?rest_route=\/wp\/v2\/posts"}],"about":[{"href":"https:\/\/aconteceunovale.com.br\/portal\/index.php?rest_route=\/wp\/v2\/types\/post"}],"author":[{"embeddable":true,"href":"https:\/\/aconteceunovale.com.br\/portal\/index.php?rest_route=\/wp\/v2\/users\/1"}],"replies":[{"embeddable":true,"href":"https:\/\/aconteceunovale.com.br\/portal\/index.php?rest_route=%2Fwp%2Fv2%2Fcomments&post=55008"}],"version-history":[{"count":0,"href":"https:\/\/aconteceunovale.com.br\/portal\/index.php?rest_route=\/wp\/v2\/posts\/55008\/revisions"}],"wp:featuredmedia":[{"embeddable":true,"href":"https:\/\/aconteceunovale.com.br\/portal\/index.php?rest_route=\/wp\/v2\/media\/55009"}],"wp:attachment":[{"href":"https:\/\/aconteceunovale.com.br\/portal\/index.php?rest_route=%2Fwp%2Fv2%2Fmedia&parent=55008"}],"wp:term":[{"taxonomy":"category","embeddable":true,"href":"https:\/\/aconteceunovale.com.br\/portal\/index.php?rest_route=%2Fwp%2Fv2%2Fcategories&post=55008"},{"taxonomy":"post_tag","embeddable":true,"href":"https:\/\/aconteceunovale.com.br\/portal\/index.php?rest_route=%2Fwp%2Fv2%2Ftags&post=55008"}],"curies":[{"name":"wp","href":"https:\/\/api.w.org\/{rel}","templated":true}]}}