{"id":55004,"date":"2015-03-14T18:38:17","date_gmt":"2015-03-14T21:38:17","guid":{"rendered":"http:\/\/aconteceunovale.com.br\/portal\/?p=55004"},"modified":"2015-03-14T18:38:17","modified_gmt":"2015-03-14T21:38:17","slug":"samu-do-norte-de-minas-registra-aumento-de-10-no-numero-de-chamados-2","status":"publish","type":"post","link":"https:\/\/aconteceunovale.com.br\/portal\/?p=55004","title":{"rendered":"Samu do Norte de Minas registra aumento de 10% no n\u00famero de chamados"},"content":{"rendered":"<h4><em><strong>Com o aumento da demanda, gestores da sa\u00fade discutem ajustes para adequa\u00e7\u00e3o do servi\u00e7o na regi\u00e3o<\/strong><\/em><\/h4>\n<p>Nos primeiros dois meses desse ano, o Servi\u00e7o de Atendimento M\u00f3vel de Urg\u00eancia do Norte de Minas (Samu Macro Norte) registrou um aumento de cerca de 10% dos chamados em rela\u00e7\u00e3o ao ano passado. Em janeiro e fevereiro de 2015 foram registrados 96.859 chamados, enquanto que em 2014 foram 87.555. A m\u00e9dia di\u00e1ria atual \u00e9 de 1.500 chamados.<\/p>\n<p><img decoding=\"async\" src=\"http:\/\/aconteceunovale.com.br\/portal\/wp-content\/uploads\/2015\/03\/chamados_samu_1.jpg\" alt=\"\" \/><em>Central de Regulamenta\u00e7\u00e3o do Samu Macro Norte &#8211; Foto: Jer\u00fasia Arruda \/ Divulga\u00e7\u00e3o<\/em><br \/>\n<\/br><\/p>\n<p>O m\u00e9dico \u00canius Freire Versiani, coordenador do Samu, explica que esse aumento se d\u00e1, principalmente, pela divulga\u00e7\u00e3o do servi\u00e7o que passou a fazer parte do cotidiano da popula\u00e7\u00e3o. &#8220;O Samu \u00e9 um servi\u00e7o relativamente novo. Iniciou no Brasil em 2003 e chegou a Montes Claros em 2006, mas s\u00f3 foi regionalizado, al\u00e7ando os 86 munic\u00edpios da macrorregi\u00e3o Norte, em 2009&#8221;, pontua.<\/p>\n<p>De acordo com \u00canius Versiani, muitos dos chamados recebidos pelo Samu s\u00e3o de urg\u00eancia menor e que em 10% dos casos o solicitante \u00e9 orientado pelo m\u00e9dico regulador, dispensando o envio de uma ambul\u00e2ncia e que em caso de envio de ambul\u00e2ncia, cerca de 16% dos pacientes atendidos s\u00e3o liberados no local, sem necessidade de encaminhamento a uma unidade de atendimento. &#8220;A orienta\u00e7\u00e3o por telefone e a libera\u00e7\u00e3o do paciente ap\u00f3s atendimento no local se configuram como uma importante contribui\u00e7\u00e3o do Samu para reduzir o n\u00famero de pacientes nas portas de entrada dos hospitais, desafogando a rede&#8221;, avalia.<\/p>\n<p>Na an\u00e1lise dos atendimentos realizados, os acidentes de tr\u00e2nsito ainda continuam sendo uma das principais causas, correspondendo a uma m\u00e9dia de 30%, a maioria envolvendo motocicleta. Somente nos dois primeiros meses desse ano j\u00e1 foram registrados 2.789 atendimentos por acidente na \u00e1rea urbana e nas rodovias que cortam a regi\u00e3o, sendo 40% somente em Montes Claros.<\/p>\n<p>Os dados tamb\u00e9m apontam que cerca de 18% dos chamados s\u00e3o liga\u00e7\u00f5es de brincadeira (trotes), comprometendo o atendimento a quem realmente precisa de socorro. At\u00e9 fevereiro deste ano j\u00e1 foram registrados 17.485 trotes pela central de regula\u00e7\u00e3o.<\/p>\n<p><img decoding=\"async\" src=\"http:\/\/aconteceunovale.com.br\/portal\/wp-content\/uploads\/2015\/03\/chamados_samu_2.jpg\" alt=\"\" \/><em>Samu Macro Norte registra aumento de 10% no n\u00famero de chamados &#8211; Foto: Jer\u00fasia Arruda \/ Divulga\u00e7\u00e3o<\/em><br \/>\n<\/br><\/p>\n<p><strong>Nova perspectiva<\/strong><\/p>\n<p>A organiza\u00e7\u00e3o da rede de urg\u00eancia e emerg\u00eancia do Norte de Minas possibilitou a regionaliza\u00e7\u00e3o do Samu, cujos servi\u00e7os foram disponibilizados aos 86 munic\u00edpios da macrorregi\u00e3o, que possui uma popula\u00e7\u00e3o de cerca de 1,6 milh\u00e3o de habitantes.<\/p>\n<p>Com esse modelo de organiza\u00e7\u00e3o, o servi\u00e7o de urg\u00eancia e emerg\u00eancia foi integrado sob um s\u00f3 comando, com indicadores e linguagem \u00fanica e toda a estrutura passou a girar em torno da necessidade do usu\u00e1rio.<\/p>\n<p>Ap\u00f3s seis anos, o que se verifica \u00e9 que a regi\u00e3o est\u00e1 superando desafios hist\u00f3ricos, ampliando n\u00e3o s\u00f3 o acesso aos servi\u00e7os de sa\u00fade, como qualificando o atendimento em todos os n\u00edveis. Segundo \u00canius Versiani, com a chegada do Samu, houve uma redu\u00e7\u00e3o significativa dos \u00f3bitos e sequelas em pacientes graves. &#8220;O atendimento pr\u00e9-hospitalar promoveu \u00e0 popula\u00e7\u00e3o o acesso a um servi\u00e7o inimagin\u00e1vel h\u00e1 alguns anos&#8221;, avalia.<\/p>\n<p>Mesmo com os resultados expressivos, Joaquim Dias, presidente do Cons\u00f3rcio Intermunicipal de Sa\u00fade da Rede de Urg\u00eancia Norte de Minas (Cisrun), respons\u00e1vel pela gest\u00e3o do Samu Macro Norte, destaca que \u00e9 preciso fazer ajustes para que o servi\u00e7o seja adequado \u00e0s novas demandas. &#8220;A sa\u00fade \u00e9 uma pauta que n\u00e3o se esgota, todo dia surge um fato novo, as demandas aumentam, e \u00e9 preciso que os gestores estejam atentos \u00e0s mudan\u00e7as para que o usu\u00e1rio possa ter acesso a um servi\u00e7o de qualidade e com a tempestividade necess\u00e1ria, como \u00e9 o caso do atendimento pr\u00e9-hospitalar&#8221;, argumenta.<\/p>\n<p>De acordo com o prefeito, visando suprir essas novas demandas, o Cisrun, em parceria com Superintend\u00eancia Regional de Sa\u00fade de Montes Claros, Colegiado de Secret\u00e1rios Municipais de Sa\u00fade (Cosems) e Secretaria de Estado de Desenvolvimento e Integra\u00e7\u00e3o do Norte e Nordeste de Minas Gerais (Sedinor) est\u00e1 realizando reuni\u00f5es t\u00e9cnicas para promover um redesenho da rede, o que inclui, entre outras medidas, a revis\u00e3o da grade de refer\u00eancia e a distribui\u00e7\u00e3o das bases descentralizadas do Samu. &#8220;Nossa meta a manter a rede com a mesma efetividade que sempre teve, desde sua implanta\u00e7\u00e3o, e ampliar as unidades do Samu, de forma que a demandam possam ser supridas&#8221;, anuncia.<\/p>\n","protected":false},"excerpt":{"rendered":"<p>Com o aumento da demanda, gestores da sa\u00fade discutem ajustes para adequa\u00e7\u00e3o do servi\u00e7o na regi\u00e3o Nos primeiros dois meses desse ano, o Servi\u00e7o de Atendimento M\u00f3vel de Urg\u00eancia do Norte de Minas (Samu Macro Norte) registrou um aumento de cerca de 10% dos chamados em rela\u00e7\u00e3o ao ano passado. Em janeiro e fevereiro de [&hellip;]<\/p>\n","protected":false},"author":1,"featured_media":55005,"comment_status":"open","ping_status":"closed","sticky":false,"template":"","format":"standard","meta":{"amp_status":"","footnotes":""},"categories":[1236],"tags":[26284,22467,37667,22050,37671,37670,37672,25414,37668,210,37669,13731,21139,37666,4040,27249,27248,20717],"class_list":["post-55004","post","type-post","status-publish","format-standard","has-post-thumbnail","hentry","category-norte_de_minas","tag-atendimentos-do-samu-do-norte-de-minas","tag-atendimentos-do-samu-macro-norte","tag-chamados-do-samu-macro-norte","tag-cisrun","tag-colegiado-de-secretarios-municipais-de-saude","tag-consorcio-intermunicipal-de-saude-da-rede-de-urgencia-norte-de-minas","tag-cosems","tag-enius-freire-versiani","tag-joaquim-dias","tag-montes-claros","tag-presidente-do-consorcio-intermunicipal-de-saude-da-rede-de-urgencia-norte-de-minas","tag-samu","tag-samu-do-norte-de-minas","tag-samu-do-norte-de-minas-registra-aumento-de-10-no-numero-de-chamados","tag-samu-macro-norte","tag-secretaria-de-estado-de-desenvolvimento-e-integracao-do-norte-e-nordeste-de-minas-gerais","tag-sedinor","tag-servico-de-atendimento-movel-de-urgencia-do-norte-de-minas"],"_links":{"self":[{"href":"https:\/\/aconteceunovale.com.br\/portal\/index.php?rest_route=\/wp\/v2\/posts\/55004","targetHints":{"allow":["GET"]}}],"collection":[{"href":"https:\/\/aconteceunovale.com.br\/portal\/index.php?rest_route=\/wp\/v2\/posts"}],"about":[{"href":"https:\/\/aconteceunovale.com.br\/portal\/index.php?rest_route=\/wp\/v2\/types\/post"}],"author":[{"embeddable":true,"href":"https:\/\/aconteceunovale.com.br\/portal\/index.php?rest_route=\/wp\/v2\/users\/1"}],"replies":[{"embeddable":true,"href":"https:\/\/aconteceunovale.com.br\/portal\/index.php?rest_route=%2Fwp%2Fv2%2Fcomments&post=55004"}],"version-history":[{"count":0,"href":"https:\/\/aconteceunovale.com.br\/portal\/index.php?rest_route=\/wp\/v2\/posts\/55004\/revisions"}],"wp:featuredmedia":[{"embeddable":true,"href":"https:\/\/aconteceunovale.com.br\/portal\/index.php?rest_route=\/wp\/v2\/media\/55005"}],"wp:attachment":[{"href":"https:\/\/aconteceunovale.com.br\/portal\/index.php?rest_route=%2Fwp%2Fv2%2Fmedia&parent=55004"}],"wp:term":[{"taxonomy":"category","embeddable":true,"href":"https:\/\/aconteceunovale.com.br\/portal\/index.php?rest_route=%2Fwp%2Fv2%2Fcategories&post=55004"},{"taxonomy":"post_tag","embeddable":true,"href":"https:\/\/aconteceunovale.com.br\/portal\/index.php?rest_route=%2Fwp%2Fv2%2Ftags&post=55004"}],"curies":[{"name":"wp","href":"https:\/\/api.w.org\/{rel}","templated":true}]}}